{"id":2507,"date":"2017-05-27T13:43:00","date_gmt":"2017-05-27T11:43:00","guid":{"rendered":"https:\/\/arnwiesen.net\/wpt\/?p=2507"},"modified":"2024-05-22T17:11:00","modified_gmt":"2024-05-22T15:11:00","slug":"mit-der-ost-gruppe-im-westen-elfstedentcht-2017","status":"publish","type":"post","link":"https:\/\/arnwiesen.net\/wpt\/2017\/mit-der-ost-gruppe-im-westen-elfstedentcht-2017\/","title":{"rendered":"Mit der Ost-Gruppe im Westen &#8211; Elfstedentcht 2017"},"content":{"rendered":"\n<p>Diese Jahr war die Ostgruppe mit 3 Radlern am Start, Atze, Henry und Heiko. Dazu gesellten sich mit der 6. Teilnahme Carsten und Pier bei seiner 3. Runde. Ein starkem S\u00fcd-West, sp\u00e4ter s\u00fcddrehend, sorgte f\u00fcr reichlich Wind nach dem 1. Drittel. <\/p>\n\n\n<div class=\"wp-block-image\">\n<figure class=\"aligncenter size-full\"><img loading=\"lazy\" decoding=\"async\" width=\"640\" height=\"360\" src=\"https:\/\/arnwiesen.net\/wpt\/wp-content\/uploads\/2017\/uu_dsc_0031.jpg\" alt=\"\" class=\"wp-image-4321\" srcset=\"https:\/\/arnwiesen.net\/wpt\/wp-content\/uploads\/2017\/uu_dsc_0031.jpg 640w, https:\/\/arnwiesen.net\/wpt\/wp-content\/uploads\/2017\/uu_dsc_0031-300x169.jpg 300w\" sizes=\"auto, (max-width: 709px) 85vw, (max-width: 909px) 67vw, (max-width: 984px) 61vw, (max-width: 1362px) 45vw, 600px\" \/><figcaption class=\"wp-element-caption\">\u00dcbernachtung  &#8211; Grou &#8211; Hotel Oostergoo<\/figcaption><\/figure>\n<\/div>\n\n\n<!--more-->\n\n\n\n<p>Von Dokkum, \u00fcber Leuwarden, Bolsward, Sneek bis Sloten q\u00e4lte uns ein sehr starker Gegenwind.  F\u00fcr die bergerfahrene Ostgruppe eine neue Erfahrung &#8211; holl\u00e4ndische Berge &#8211; 100 km Gegenwind, mal weniger mal mehr, eher mehr. <\/p>\n\n\n<div class=\"wp-block-image\">\n<figure class=\"aligncenter size-full\"><img loading=\"lazy\" decoding=\"async\" width=\"640\" height=\"360\" src=\"https:\/\/arnwiesen.net\/wpt\/wp-content\/uploads\/2017\/uu_dsc_0072.jpg\" alt=\"\" class=\"wp-image-4322\" srcset=\"https:\/\/arnwiesen.net\/wpt\/wp-content\/uploads\/2017\/uu_dsc_0072.jpg 640w, https:\/\/arnwiesen.net\/wpt\/wp-content\/uploads\/2017\/uu_dsc_0072-300x169.jpg 300w\" sizes=\"auto, (max-width: 709px) 85vw, (max-width: 909px) 67vw, (max-width: 984px) 61vw, (max-width: 1362px) 45vw, 600px\" \/><figcaption class=\"wp-element-caption\">Heiko und Ulli &#8211; Dokkum &#8211; das 1. Drittel  &#8211; ab jetzt 100 km Gegenwind<\/figcaption><\/figure>\n<\/div>\n\n\n<p>Die Stimmung am Stra\u00dfenrand wie immer ausgelassen und fr\u00f6hlich.<\/p>\n\n\n<div class=\"wp-block-image\">\n<figure class=\"aligncenter size-full\"><img loading=\"lazy\" decoding=\"async\" width=\"640\" height=\"480\" src=\"https:\/\/arnwiesen.net\/wpt\/wp-content\/uploads\/2017\/henry_img_8997.jpg\" alt=\"\" class=\"wp-image-4320\" srcset=\"https:\/\/arnwiesen.net\/wpt\/wp-content\/uploads\/2017\/henry_img_8997.jpg 640w, https:\/\/arnwiesen.net\/wpt\/wp-content\/uploads\/2017\/henry_img_8997-300x225.jpg 300w\" sizes=\"auto, (max-width: 709px) 85vw, (max-width: 909px) 67vw, (max-width: 984px) 61vw, (max-width: 1362px) 45vw, 600px\" \/><figcaption class=\"wp-element-caption\">Party entlang der Strecke<\/figcaption><\/figure>\n<\/div>\n\n<div class=\"wp-block-image\">\n<figure class=\"aligncenter size-full\"><img loading=\"lazy\" decoding=\"async\" width=\"640\" height=\"480\" src=\"https:\/\/arnwiesen.net\/wpt\/wp-content\/uploads\/2017\/henry_img_8992.jpg\" alt=\"\" class=\"wp-image-4315\" srcset=\"https:\/\/arnwiesen.net\/wpt\/wp-content\/uploads\/2017\/henry_img_8992.jpg 640w, https:\/\/arnwiesen.net\/wpt\/wp-content\/uploads\/2017\/henry_img_8992-300x225.jpg 300w\" sizes=\"auto, (max-width: 709px) 85vw, (max-width: 909px) 67vw, (max-width: 984px) 61vw, (max-width: 1362px) 45vw, 600px\" \/><figcaption class=\"wp-element-caption\">Henry vor dem Wassertor Sneek<\/figcaption><\/figure>\n<\/div>\n\n<div class=\"wp-block-image\">\n<figure class=\"aligncenter size-full\"><img loading=\"lazy\" decoding=\"async\" width=\"640\" height=\"346\" src=\"https:\/\/arnwiesen.net\/wpt\/wp-content\/uploads\/2017\/uu_dsc_0085x.jpg\" alt=\"\" class=\"wp-image-4318\" srcset=\"https:\/\/arnwiesen.net\/wpt\/wp-content\/uploads\/2017\/uu_dsc_0085x.jpg 640w, https:\/\/arnwiesen.net\/wpt\/wp-content\/uploads\/2017\/uu_dsc_0085x-300x162.jpg 300w\" sizes=\"auto, (max-width: 709px) 85vw, (max-width: 909px) 67vw, (max-width: 984px) 61vw, (max-width: 1362px) 45vw, 600px\" \/><figcaption class=\"wp-element-caption\">Henry und Heiko<\/figcaption><\/figure>\n<\/div>\n\n\n<p>Bei soviel Gegenwind steigt der Energiebedarf, oben auf dem Deich &#8211; die letzten 30 km gehen an die Substanz.<\/p>\n\n\n<div class=\"wp-block-image\">\n<figure class=\"aligncenter size-full\"><img loading=\"lazy\" decoding=\"async\" width=\"640\" height=\"360\" src=\"https:\/\/arnwiesen.net\/wpt\/wp-content\/uploads\/2017\/uu_dsc_0093.jpg\" alt=\"\" class=\"wp-image-4319\" srcset=\"https:\/\/arnwiesen.net\/wpt\/wp-content\/uploads\/2017\/uu_dsc_0093.jpg 640w, https:\/\/arnwiesen.net\/wpt\/wp-content\/uploads\/2017\/uu_dsc_0093-300x169.jpg 300w\" sizes=\"auto, (max-width: 709px) 85vw, (max-width: 909px) 67vw, (max-width: 984px) 61vw, (max-width: 1362px) 45vw, 600px\" \/><figcaption class=\"wp-element-caption\">Atze, Energiebedarf auf den letzten Metern<\/figcaption><\/figure>\n<\/div>\n\n\n<p><strong>Strecke gesamt 235 km<\/strong><\/p>\n\n\n\n<p>Streckenbezogener Anteil bis 18 km\/h &#8211; 15,8 %<br>Streckenbezogener Anteil bis 21 km\/h &#8211; 32,8 %<br>Streckenbezogener Anteil bis 24 km\/h &#8211; 31,5 %<br>Streckenbezogener Anteil bis 27 km\/h &#8211; 18,4 %<br>Streckenbezogener Anteil bis 30 km\/h &#8211; 1,3 %<br>Streckenbezogener Anteil &gt; 30 km\/h &#8211; 0,2 %<\/p>\n\n\n<div class=\"wp-block-image\">\n<figure class=\"aligncenter size-large\"><img decoding=\"async\" src=\"https:\/\/arnwiesen.net\/wpt\/wp-content\/uploads\/2017\/elfstedentoch_2017.jpg\" alt=\"\"\/><figcaption class=\"wp-element-caption\">Geschwindigkeitsprofil<\/figcaption><\/figure>\n<\/div>\n\n\n<p><\/p>\n","protected":false},"excerpt":{"rendered":"<p>Diese Jahr war die Ostgruppe mit 3 Radlern am Start, Atze, Henry und Heiko. Dazu gesellten sich mit der 6. Teilnahme Carsten und Pier bei seiner 3. Runde. Ein starkem S\u00fcd-West, sp\u00e4ter s\u00fcddrehend, sorgte f\u00fcr reichlich Wind nach dem 1. Drittel.<\/p>\n","protected":false},"author":1,"featured_media":0,"comment_status":"closed","ping_status":"open","sticky":false,"template":"","format":"standard","meta":{"footnotes":""},"categories":[22],"tags":[115,113,112,116,117,114],"class_list":["post-2507","post","type-post","status-publish","format-standard","hentry","category-berichte-2017","tag-bolsward","tag-elfstedentocht","tag-fietselfstedentocht","tag-leuwarden","tag-marathon","tag-radmarathon"],"_links":{"self":[{"href":"https:\/\/arnwiesen.net\/wpt\/wp-json\/wp\/v2\/posts\/2507","targetHints":{"allow":["GET"]}}],"collection":[{"href":"https:\/\/arnwiesen.net\/wpt\/wp-json\/wp\/v2\/posts"}],"about":[{"href":"https:\/\/arnwiesen.net\/wpt\/wp-json\/wp\/v2\/types\/post"}],"author":[{"embeddable":true,"href":"https:\/\/arnwiesen.net\/wpt\/wp-json\/wp\/v2\/users\/1"}],"replies":[{"embeddable":true,"href":"https:\/\/arnwiesen.net\/wpt\/wp-json\/wp\/v2\/comments?post=2507"}],"version-history":[{"count":6,"href":"https:\/\/arnwiesen.net\/wpt\/wp-json\/wp\/v2\/posts\/2507\/revisions"}],"predecessor-version":[{"id":4441,"href":"https:\/\/arnwiesen.net\/wpt\/wp-json\/wp\/v2\/posts\/2507\/revisions\/4441"}],"wp:attachment":[{"href":"https:\/\/arnwiesen.net\/wpt\/wp-json\/wp\/v2\/media?parent=2507"}],"wp:term":[{"taxonomy":"category","embeddable":true,"href":"https:\/\/arnwiesen.net\/wpt\/wp-json\/wp\/v2\/categories?post=2507"},{"taxonomy":"post_tag","embeddable":true,"href":"https:\/\/arnwiesen.net\/wpt\/wp-json\/wp\/v2\/tags?post=2507"}],"curies":[{"name":"wp","href":"https:\/\/api.w.org\/{rel}","templated":true}]}}