{"id":2505,"date":"2017-08-27T13:42:00","date_gmt":"2017-08-27T11:42:00","guid":{"rendered":"https:\/\/arnwiesen.net\/wpt\/?p=2505"},"modified":"2022-07-12T11:35:08","modified_gmt":"2022-07-12T09:35:08","slug":"radtour-schweiz-2017","status":"publish","type":"post","link":"https:\/\/arnwiesen.net\/wpt\/2017\/radtour-schweiz-2017\/","title":{"rendered":"Radtour Schweiz 2017"},"content":{"rendered":"\n<p><strong>Basel &#8211; Stein am Rhein &#8211; Hohenems &#8211; Chur &#8211; Oberalppass &#8211; Brigg &#8211; Zermatt<\/strong><\/p>\n\n\n\n<p>Vom 27.08. &#8211; 03.09.2017 unternahmen Ludger, Werner, Bernhard, Burkhard, Cossi, Henry, Uli und Frank mal wieder eine Alpenradtour.<br>Am Tag der Anreise, vor dem eigentlichen Start schwammen Uli und&nbsp;Frank im Rhein ca. 2,6 km durch Basel.<br>Die Radtour f\u00fchrte uns am Hoch-Rhein entlang, vorbei am&nbsp;<strong>Rheinfall Schaffhausen<\/strong>,<br>entlang am S\u00fcdufer des&nbsp;<strong>Bodensees<\/strong>&nbsp;auf Schweizer Seite bis \u00d6sterreich,<br>dann am Alpin-Rhein entlang durch&nbsp;<strong>Liechtenstein<\/strong>&nbsp;bis Chur,<br>anschlie\u00dfend am Vorder-Rhein bis zur Rhein-Quelle am&nbsp;<strong>Oberalppass<\/strong>,<br>dann \u00fcber Andermatt zum&nbsp;<strong>Furkapass<\/strong>, durch das&nbsp;<strong>Rhonetal<\/strong>&nbsp;bis Visp<br>und zuletzt bis Zermatt. Leider steckte das&nbsp;<strong>Matterhorn<\/strong>&nbsp;in den Wolken.<br>Die ersten 3 Tage war es sehr warm (\u00fcber 30\u00b0C), dann kam der K\u00e4lteeinbruch und Regenwetter.<br>Das Besondere an dieser Tour war, da\u00df wir ein Begleitfahrzeug mit 2 K\u00f6chen an Bord dabei hatten.<br>Pascal und Ingo haben mittags excellente Mahlzeiten zubereitet, hatten jederzeit gek\u00fchltes Bier im K\u00fchlschrank und waren stets um unser leibliches Wohl bem\u00fcht.<\/p>\n\n\n<div class=\"wp-block-image\">\n<figure class=\"aligncenter\"><a href=\"https:\/\/www.google.com\/maps\/d\/embed?mid=1jhx9EwOHvIjhyKnlHyIvNfWOaB0\" target=\"_blank\" rel=\"noreferrer noopener\"><img decoding=\"async\" src=\"https:\/\/arnwiesen.net\/wpt\/wp-content\/uploads\/2017\/radtour_schweiz\/Radtour_Schweiz_2017.jpg\" alt=\"\"\/><\/a><\/figure>\n<\/div>\n\n\n<!--more-->\n\n\n\n<p>Wer die GPS-Daten genauer betrachten will und sich in die Karte hineinzoomen m\u00f6chte, kann folgenden Link benutzen:<br><a href=\"https:\/\/www.google.com\/maps\/d\/embed?mid=1jhx9EwOHvIjhyKnlHyIvNfWOaB0\" target=\"_blank\" rel=\"noreferrer noopener\">https:\/\/www.google.com\/maps\/d\/embed?mid=1jhx9EwOHvIjhyKnlHyIvNfWOaB0<\/a><\/p>\n\n\n\n<p>(Leider akzeptiert das Joomla keine iFrames, sonst h\u00e4tte ich die interaktive Google-Karte gleich direkt hier&nbsp;eingebunden.<br>&nbsp;Ich habe&nbsp;leider noch&nbsp;keinen geeigneten Workaround f\u00fcr iFrames in Joomla gefunden.)<\/p>\n\n\n<div class=\"wp-block-image\">\n<figure class=\"aligncenter\"><img decoding=\"async\" src=\"https:\/\/arnwiesen.net\/wpt\/wp-content\/uploads\/2017\/radtour_schweiz\/RS036.jpg\" alt=\"\"\/><\/figure>\n<\/div>\n\n\n<p><strong>Anreise:<\/strong><br>Unter den Einwohnern von Basel sowie unter ihren G\u00e4sten ist bei warmen Wetter das Schwimmen im Rhein sehr beliebt.<br><a href=\"http:\/\/www.sommerspass.ch\/berichte\/4\/rheinschwimmen.htm\" target=\"_blank\" rel=\"noreferrer noopener\">http:\/\/www.sommerspass.ch\/berichte\/4\/rheinschwimmen.htm<\/a><br>Das Wasser ist durch den Bodensee ausreichend erw\u00e4rmt und der Rhein ist in Basel noch sehr sauber.<br>Auch Uli und Frank nutzten die g\u00fcnstige Gelegenheit am Anreisetag, um&nbsp;sich ca. 2,6 km in der Str\u00f6mung des Rheins treiben zu lassen.<br>Und weil es so toll war, machten&nbsp;sie das Ganze gleich 2 Mal.<br>&nbsp;<\/p>\n\n\n<div class=\"wp-block-image\">\n<figure class=\"aligncenter\"><img decoding=\"async\" src=\"https:\/\/arnwiesen.net\/wpt\/wp-content\/uploads\/2017\/radtour_schweiz\/RS101.jpg\" alt=\"\"\/><\/figure>\n<\/div>\n\n\n<p><strong>1. Tag:<\/strong>&nbsp;<br>Wir \u00fcbernachteten unweit von Basel im &#8222;Goldenen Wagen&#8220; in Maulburg und trafen uns dort am fr\u00fchen Morgen mit der Nordgruppe zum gemeinsamen Fr\u00fchst\u00fcck.<br>Hier \u00fcberqueren wir den Rhein und wechseln von Deutschland in die Schweiz.<\/p>\n\n\n<div class=\"wp-block-image\">\n<figure class=\"aligncenter\"><img decoding=\"async\" src=\"https:\/\/arnwiesen.net\/wpt\/wp-content\/uploads\/2017\/radtour_schweiz\/RS124.jpg\" alt=\"\"\/><\/figure>\n<\/div>\n\n\n<p><strong>1. Tag:<\/strong>&nbsp;<br>Jeden Morgen wurde \u00fcberlegt, wo ein g\u00fcnstiger Zeitpunkt f\u00fcr das Mittagessen sein k\u00f6nnte.<br>Ingo und Pascal haben dann ein schattiges Pl\u00e4tzchen gesucht, Salat zubereitet und Essen gekocht und uns hungrige und durstige Radler empfangen.<\/p>\n\n\n<div class=\"wp-block-image\">\n<figure class=\"aligncenter\"><img decoding=\"async\" src=\"https:\/\/arnwiesen.net\/wpt\/wp-content\/uploads\/2017\/radtour_schweiz\/RS154.jpg\" alt=\"\"\/><\/figure>\n<\/div>\n\n\n<p><strong>1. Tag:<\/strong>&nbsp;<br>An diesem Brunnen in Berg am Irchel mu\u00dften wir erst mal unsere Trinkflaschen mit frischem Quellwasser auff\u00fcllen.<\/p>\n\n\n<div class=\"wp-block-image\">\n<figure class=\"aligncenter\"><img decoding=\"async\" src=\"https:\/\/arnwiesen.net\/wpt\/wp-content\/uploads\/2017\/radtour_schweiz\/RS200.jpg\" alt=\"\"\/><\/figure>\n<\/div>\n\n\n<p><strong>1. Tag:<\/strong>&nbsp;<br>Der Rheinfall Schaffhausen war kein &#8222;Reinfall&#8220;. Es ist gigantisch, die tosenden Wassermassen so hautnah zu erleben.<br>Dazu hatten wir noch&nbsp;sch\u00f6nes Wetter und optimales Licht zum Fotografieren mit der untergehenden Sonne im R\u00fccken.<\/p>\n\n\n<div class=\"wp-block-image\">\n<figure class=\"aligncenter\"><img decoding=\"async\" src=\"https:\/\/arnwiesen.net\/wpt\/wp-content\/uploads\/2017\/radtour_schweiz\/RS232.jpg\" alt=\"\"\/><\/figure>\n<\/div>\n\n\n<p><strong>1. Tag:<\/strong>&nbsp;<br>Wie an allen gro\u00dfen Sehensw\u00fcrdigkeiten in der Welt gibt es auch hier jede Menge asiatischer Touristen.<\/p>\n\n\n<div class=\"wp-block-image\">\n<figure class=\"aligncenter\"><img decoding=\"async\" src=\"https:\/\/arnwiesen.net\/wpt\/wp-content\/uploads\/2017\/radtour_schweiz\/RS276.jpg\" alt=\"\"\/><\/figure>\n<\/div>\n\n\n<p><strong>1. Tag:<\/strong>&nbsp;<br>Die&nbsp;1. Nacht unserer Radtour verbrachten wir im Matrazenlager im Bolderhof,<br>ein Bio- und Erlebnisbauernhof zwischen Biberm\u00fchle und Hemishofen bei Stein am Rhein.<br><a href=\"http:\/\/www.bolderhof.ch\/\" target=\"_blank\" rel=\"noreferrer noopener\">http:\/\/www.bolderhof.ch\/<\/a><br>Hier gab es auch K\u00e4se und B\u00fcffel-Bratwurst aus eigener Produktion.<\/p>\n\n\n<div class=\"wp-block-image\">\n<figure class=\"aligncenter\"><img decoding=\"async\" src=\"https:\/\/arnwiesen.net\/wpt\/wp-content\/uploads\/2017\/radtour_schweiz\/RS320.jpg\" alt=\"\"\/><\/figure>\n<\/div>\n\n\n<p><strong>2. Tag:<\/strong>&nbsp;<br>In Stein am Rhein wechseln wir wieder einmal die Seite des Rheins.<\/p>\n\n\n<div class=\"wp-block-image\">\n<figure class=\"aligncenter\"><img decoding=\"async\" src=\"https:\/\/arnwiesen.net\/wpt\/wp-content\/uploads\/2017\/radtour_schweiz\/RS328.jpg\" alt=\"\"\/><\/figure>\n<\/div>\n\n\n<p><strong>2. Tag:<\/strong>&nbsp;<br>Kurze Pause am Untersee zwischen Steckborn und Berlingen.<\/p>\n\n\n<div class=\"wp-block-image\">\n<figure class=\"aligncenter\"><img decoding=\"async\" src=\"https:\/\/arnwiesen.net\/wpt\/wp-content\/uploads\/2017\/radtour_schweiz\/RS358.jpg\" alt=\"\"\/><\/figure>\n<\/div>\n\n\n<p><strong>2. Tag:<\/strong>&nbsp;<br>Die Uferpromenade in Arbon. In Rorschach sahen wir dann noch etliche Sandskulpturen.<\/p>\n\n\n<div class=\"wp-block-image\">\n<figure class=\"aligncenter\"><img decoding=\"async\" src=\"https:\/\/arnwiesen.net\/wpt\/wp-content\/uploads\/2017\/radtour_schweiz\/RS404.jpg\" alt=\"\"\/><\/figure>\n<\/div>\n\n\n<p><strong>3. Tag:<\/strong>&nbsp;<br>Nach der \u00dcbernachtung im Gasthaus &#8222;zum Hirschen&#8220; in Hohenems fahren wir am Alpin-Rhein entlang in Richtung Chur.<\/p>\n\n\n<div class=\"wp-block-image\">\n<figure class=\"aligncenter\"><img decoding=\"async\" src=\"https:\/\/arnwiesen.net\/wpt\/wp-content\/uploads\/2017\/radtour_schweiz\/RS418.jpg\" alt=\"\"\/><\/figure>\n<\/div>\n\n\n<p><strong>3. Tag:<\/strong>&nbsp;<br>Ein Gruppenfoto am Alpin-Rhein. Leider fehlt der Fotograf auf dem Foto.<\/p>\n\n\n<div class=\"wp-block-image\">\n<figure class=\"aligncenter\"><img decoding=\"async\" src=\"https:\/\/arnwiesen.net\/wpt\/wp-content\/uploads\/2017\/radtour_schweiz\/RS430.jpg\" alt=\"\"\/><\/figure>\n<\/div>\n\n\n<p><strong>3. Tag:<\/strong>&nbsp;<br>Ein kurzer Abstecher f\u00fchrt uns ins F\u00fcrstentum Liechtenstein.<\/p>\n\n\n<div class=\"wp-block-image\">\n<figure class=\"aligncenter\"><img decoding=\"async\" src=\"https:\/\/arnwiesen.net\/wpt\/wp-content\/uploads\/2017\/radtour_schweiz\/RS440.jpg\" alt=\"\"\/><\/figure>\n<\/div>\n\n\n<p><strong>3. Tag:<\/strong><br>Mittagspause im F\u00fcrstentum Liechtenstein.&nbsp;<\/p>\n\n\n<div class=\"wp-block-image\">\n<figure class=\"aligncenter\"><img decoding=\"async\" src=\"https:\/\/arnwiesen.net\/wpt\/wp-content\/uploads\/2017\/radtour_schweiz\/RS464.jpg\" alt=\"\"\/><\/figure>\n<\/div>\n\n\n<p><strong>3. Tag:<\/strong><br>Wenn man den ganzen Tag in der prallen Sonne radelt, sehnt man sich nach einer Pause im Schatten.&nbsp;<\/p>\n\n\n<div class=\"wp-block-image\">\n<figure class=\"aligncenter\"><img decoding=\"async\" src=\"https:\/\/arnwiesen.net\/wpt\/wp-content\/uploads\/2017\/radtour_schweiz\/RS526.jpg\" alt=\"\"\/><\/figure>\n<\/div>\n\n\n<p><strong>4. Tag:<\/strong>&nbsp;<br>Den Zusammenflu\u00df von Vorder- und Hinter-Rhein haben wir schon hinter uns gelassen.<br>Jetzt radeln wir entlang des Vorder-Rhein. Hier gibt es einen Aussichtspunkt mit Blick in die Rheinschlucht.<\/p>\n\n\n<div class=\"wp-block-image\">\n<figure class=\"aligncenter\"><img decoding=\"async\" src=\"https:\/\/arnwiesen.net\/wpt\/wp-content\/uploads\/2017\/radtour_schweiz\/RS532.jpg\" alt=\"\"\/><\/figure>\n<\/div>\n\n\n<p><strong>4. Tag:<\/strong>&nbsp;<br>Die Stra\u00dfe ist hier sehr eng, manchmal kommen auch LKWs entgegen.<\/p>\n\n\n<div class=\"wp-block-image\">\n<figure class=\"aligncenter\"><img decoding=\"async\" src=\"https:\/\/arnwiesen.net\/wpt\/wp-content\/uploads\/2017\/radtour_schweiz\/RS558.jpg\" alt=\"\"\/><\/figure>\n<\/div>\n\n\n<p>&nbsp;<strong>4. Tag:<br><\/strong>Hier haben&nbsp;sich 75% unserer Gruppe verfahren.<br>Die ersten beiden waren au\u00dfer Sichtweite, der 3. ist falsch abgebogen und alle anderen sind im guten Glauben hinterher gefahren.<br>So haben wir sinnlos Kraft und Zeit verschwendet und haben uns eine falsche Pa\u00dfstra\u00dfe hinauf gequ\u00e4lt.<strong><\/strong><\/p>\n\n\n<div class=\"wp-block-image\">\n<figure class=\"aligncenter\"><img decoding=\"async\" src=\"https:\/\/arnwiesen.net\/wpt\/wp-content\/uploads\/2017\/radtour_schweiz\/RS562.jpg\" alt=\"\"\/><\/figure>\n<\/div>\n\n\n<p><strong>4. Tag:<br><\/strong>An diesem Tag mu\u00dfte&nbsp;Uli uns verlassen und schon fing das schlechte Wetter an.<br>Den Oberalppass mu\u00dften wir uns im str\u00f6menden&nbsp;Regen und mit Gegenwind jeder einzeln und allein erk\u00e4mpfen.<br>Nachdem die Sachen zum Trocknen aufgeh\u00e4ngt, die Schuhe gef\u00f6hnt und mit Zeitungspapier ausgestopft waren, gab es dann als Entsch\u00e4digung eine gro\u00dfe Forelle f\u00fcr&nbsp;jeden zum Abendrot im Piz Calmot.<br>&nbsp;<\/p>\n\n\n<div class=\"wp-block-image\">\n<figure class=\"aligncenter\"><img decoding=\"async\" src=\"https:\/\/arnwiesen.net\/wpt\/wp-content\/uploads\/2017\/radtour_schweiz\/RS584.jpg\" alt=\"\"\/><\/figure>\n<\/div>\n\n\n<p><strong>5. Tag:<br><\/strong>Beim gemeinsamen Gipfelfoto am n\u00e4chsten Morgen war von der Umgebung leider nichts zu sehen.<br>&nbsp;<\/p>\n\n\n<div class=\"wp-block-image\">\n<figure class=\"aligncenter\"><img decoding=\"async\" src=\"https:\/\/arnwiesen.net\/wpt\/wp-content\/uploads\/2017\/radtour_schweiz\/RS612.jpg\" alt=\"\"\/><\/figure>\n<\/div>\n\n\n<p><strong>5. Tag:<\/strong><br>Im tiefer gelegenen Andermatt und Realp war kein Nebel, aber \u00fcber uns schwebte eine dichte Wolkendecke.&nbsp;<\/p>\n\n\n<div class=\"wp-block-image\">\n<figure class=\"aligncenter\"><img decoding=\"async\" src=\"https:\/\/arnwiesen.net\/wpt\/wp-content\/uploads\/2017\/radtour_schweiz\/RS638.jpg\" alt=\"\"\/><\/figure>\n<\/div>\n\n\n<p><strong>5. Tag:<br><\/strong>Auf dem Furkapass war es hundekalt und wir waren alle froh, da\u00df es wenigstens nicht schneite.<br>&nbsp;<\/p>\n\n\n<div class=\"wp-block-image\">\n<figure class=\"aligncenter\"><img decoding=\"async\" src=\"https:\/\/arnwiesen.net\/wpt\/wp-content\/uploads\/2017\/radtour_schweiz\/RS684.jpg\" alt=\"\"\/><\/figure>\n<\/div>\n\n\n<p>&nbsp;<strong>5. Tag:<br><\/strong>Auf dem Parkplatz am Belvedere bzw. am Rhonegletscher haben wir uns bei einer kr\u00e4ftigen Portion hei\u00dfen Eintopf von unseren beiden K\u00f6chen wieder leidlich aufgew\u00e4rmt.<br>Hier war auch&nbsp;ein freches bettelndes Murmeltier mitten auf dem Parkplatz.<strong><\/strong><\/p>\n\n\n<div class=\"wp-block-image\">\n<figure class=\"aligncenter\"><img decoding=\"async\" src=\"https:\/\/arnwiesen.net\/wpt\/wp-content\/uploads\/2017\/radtour_schweiz\/RS720.jpg\" alt=\"\"\/><\/figure>\n<\/div>\n\n\n<p><strong>5. Tag:<br><\/strong>Unseren letzten gemeinsamen Abend auf dieser Tour verbrachten wir auf dem Hof Schmeli.<br><a href=\"http:\/\/www.hofschmeli.ch\/\" target=\"_blank\" rel=\"noreferrer noopener\">http:\/\/www.hofschmeli.ch\/<\/a><br>Wir kauften ein halbes Rad Schweizer K\u00e4se, welches an der Schnittfl\u00e4che am Grillfeuer&nbsp;angeschmolzen wurde und kurz vor dem Herunterlaufen auf Brot gestrichen wurde.<br>Das typische Schweizer Raclette w\u00e4re dann wohl noch mit Kartoffeln gewesen, aber frisches Brot tat es auch.<br>Au\u00dferdem gab es noch f\u00fcr jeden ein dickes Nackensteak und Bratwurst.<br>&nbsp;<\/p>\n\n\n<div class=\"wp-block-image\">\n<figure class=\"aligncenter\"><img decoding=\"async\" src=\"https:\/\/arnwiesen.net\/wpt\/wp-content\/uploads\/2017\/radtour_schweiz\/RS742.jpg\" alt=\"\"\/><\/figure>\n<\/div>\n\n\n<p><strong>6. Tag:<br><\/strong>Am letzten Tag hatten wir zwar keinen Pass mehr zu bew\u00e4ltigen, aber&nbsp;von Visp nach Zermatt ging es st\u00e4ndig bergauf.<br>&nbsp;<\/p>\n\n\n<div class=\"wp-block-image\">\n<figure class=\"aligncenter\"><img decoding=\"async\" src=\"https:\/\/arnwiesen.net\/wpt\/wp-content\/uploads\/2017\/radtour_schweiz\/RS750.jpg\" alt=\"\"\/><\/figure>\n<\/div>\n\n\n<p><strong>6. Tag:<br><\/strong>Alle paar Minuten begegnete uns eine Matterhorn-Gotthardbahn.<br>&nbsp;<\/p>\n\n\n<div class=\"wp-block-image\">\n<figure class=\"aligncenter\"><img decoding=\"async\" src=\"https:\/\/arnwiesen.net\/wpt\/wp-content\/uploads\/2017\/radtour_schweiz\/RS756.jpg\" alt=\"\"\/><\/figure>\n<\/div>\n\n\n<p><strong>6. Tag:<br><\/strong>Ab T\u00e4sch d\u00fcrfen keine Autos mehr in Richtung Zermatt fahren.<br>Hier hat sich die Ostgruppe vom Begleitfahrzeug verabschiedet.<br>&nbsp;<\/p>\n\n\n<div class=\"wp-block-image\">\n<figure class=\"aligncenter\"><img decoding=\"async\" src=\"https:\/\/arnwiesen.net\/wpt\/wp-content\/uploads\/2017\/radtour_schweiz\/RS764.jpg\" alt=\"\"\/><\/figure>\n<\/div>\n\n\n<p>&nbsp;<strong>6. Tag:<br><\/strong>Mit einem Auto darf man nur mit Sondergenehmigung nach Zermatt fahren.<br>Fahrr\u00e4der brauchen keine Sondergenehmigung.&nbsp;<\/p>\n\n\n<div class=\"wp-block-image\">\n<figure class=\"aligncenter\"><img decoding=\"async\" src=\"https:\/\/arnwiesen.net\/wpt\/wp-content\/uploads\/2017\/radtour_schweiz\/RS798.jpg\" alt=\"\"\/><\/figure>\n<\/div>\n\n\n<p><strong>6. Tag:<br><\/strong>Ob der Zermatter Hof auch Fahrradtouristen aufnimmt ?<br>&nbsp;<\/p>\n\n\n<div class=\"wp-block-image\">\n<figure class=\"aligncenter\"><img decoding=\"async\" src=\"https:\/\/arnwiesen.net\/wpt\/wp-content\/uploads\/2017\/radtour_schweiz\/RS802.jpg\" alt=\"\"\/><\/figure>\n<\/div>\n\n\n<p>&nbsp;<strong>6. Tag:<br><\/strong>Bis zur R\u00fcckfahrt mit der SBB nach Basel haben wir noch&nbsp;\u00fcber eine&nbsp;Stunde Zeit f\u00fcr einen Stadtrundgang und f\u00fcr ein Mittagessen.<br>Leider steckte das Matterhorn in den Wolken und war nicht zu sehen.<strong><\/strong><\/p>\n\n\n\n<p>Mehr Fotos gibt es wie immer unter<br><a href=\"http:\/\/franklehmann.dyndns.eu\/index.php?folder=\/2017\/10_Schweiz\/\" target=\"_blank\" rel=\"noreferrer noopener\">http:\/\/franklehmann.dyndns.eu\/index.php?folder=\/2017\/10_Schweiz\/<\/a><\/p>\n","protected":false},"excerpt":{"rendered":"<p>Basel &#8211; Stein am Rhein &#8211; Hohenems &#8211; Chur &#8211; Oberalppass &#8211; Brigg &#8211; Zermatt Vom 27.08. &#8211; 03.09.2017 unternahmen Ludger, Werner, Bernhard, Burkhard, Cossi, Henry, Uli und Frank mal wieder eine Alpenradtour.Am Tag der Anreise, vor dem eigentlichen Start schwammen Uli und&nbsp;Frank im Rhein ca. 2,6 km durch Basel.Die Radtour f\u00fchrte uns am Hoch-Rhein &hellip; <a href=\"https:\/\/arnwiesen.net\/wpt\/2017\/radtour-schweiz-2017\/\" class=\"more-link\"><span class=\"screen-reader-text\">\u201eRadtour Schweiz 2017\u201c<\/span> weiterlesen<\/a><\/p>\n","protected":false},"author":6,"featured_media":0,"comment_status":"closed","ping_status":"open","sticky":false,"template":"","format":"standard","meta":{"footnotes":""},"categories":[22],"tags":[32,52,55,54,31,76,77,53],"class_list":["post-2505","post","type-post","status-publish","format-standard","hentry","category-berichte-2017","tag-alpen","tag-basel","tag-furkapass","tag-oberalppass","tag-radtour","tag-rheintal","tag-rhonetal","tag-zermatt"],"_links":{"self":[{"href":"https:\/\/arnwiesen.net\/wpt\/wp-json\/wp\/v2\/posts\/2505","targetHints":{"allow":["GET"]}}],"collection":[{"href":"https:\/\/arnwiesen.net\/wpt\/wp-json\/wp\/v2\/posts"}],"about":[{"href":"https:\/\/arnwiesen.net\/wpt\/wp-json\/wp\/v2\/types\/post"}],"author":[{"embeddable":true,"href":"https:\/\/arnwiesen.net\/wpt\/wp-json\/wp\/v2\/users\/6"}],"replies":[{"embeddable":true,"href":"https:\/\/arnwiesen.net\/wpt\/wp-json\/wp\/v2\/comments?post=2505"}],"version-history":[{"count":2,"href":"https:\/\/arnwiesen.net\/wpt\/wp-json\/wp\/v2\/posts\/2505\/revisions"}],"predecessor-version":[{"id":2600,"href":"https:\/\/arnwiesen.net\/wpt\/wp-json\/wp\/v2\/posts\/2505\/revisions\/2600"}],"wp:attachment":[{"href":"https:\/\/arnwiesen.net\/wpt\/wp-json\/wp\/v2\/media?parent=2505"}],"wp:term":[{"taxonomy":"category","embeddable":true,"href":"https:\/\/arnwiesen.net\/wpt\/wp-json\/wp\/v2\/categories?post=2505"},{"taxonomy":"post_tag","embeddable":true,"href":"https:\/\/arnwiesen.net\/wpt\/wp-json\/wp\/v2\/tags?post=2505"}],"curies":[{"name":"wp","href":"https:\/\/api.w.org\/{rel}","templated":true}]}}