{"id":2497,"date":"2018-09-18T13:15:00","date_gmt":"2018-09-18T11:15:00","guid":{"rendered":"https:\/\/arnwiesen.net\/wpt\/?p=2497"},"modified":"2022-07-24T19:39:58","modified_gmt":"2022-07-24T17:39:58","slug":"da-war-doch-noch-etwas","status":"publish","type":"post","link":"https:\/\/arnwiesen.net\/wpt\/2018\/da-war-doch-noch-etwas\/","title":{"rendered":"Da war doch noch etwas \u2026"},"content":{"rendered":"\n<p>\u2026 ach ja, stimmt. Cossi sagte es schon im letzten Jahr &#8222;Wir treffen uns im August in Borken.&#8220; Gesagt und auch getan und noch Bianca mitgebracht. Sie geht hier in Borken an dem Start f\u00fcr ihren ersten Triathlon.<\/p>\n\n\n<div class=\"wp-block-image\">\n<figure class=\"aligncenter\"><img decoding=\"async\" src=\"https:\/\/arnwiesen.net\/wpt\/wp-content\/uploads\/2018\/dfsafw4h5.jpg\" alt=\"\"\/><\/figure>\n<\/div>\n\n\n<!--more-->\n\n\n\n<p>Wer die Veranstaltung kennt, wei\u00df das Borken f\u00fcr ein solches Vorhaben sehr gut geeignet ist. Eine famili\u00e4re Atmosph\u00e4re und der Kurs in einer sch\u00f6nen Landschaft zeichnen Borken aus.<\/p>\n\n\n\n<p>Ankommen, sich die Startnummer auf dem Arm schreiben lassen und dann in Ruhe zusammen in der Wechselzone sich einrichten. F\u00fcr Bianca ist das schon spannend zu erleben. Cossi ist ja schon seit Jahren dabei und hat unz\u00e4hlige Triathlonverstaltungen bestritten. Also hier bei ihm die Routine und Vorfreude auf die n\u00e4chsten Stunden.<\/p>\n\n\n\n<p>Bei der Ansprache erfahren wir, dass Volker, seit 33 Jahren der Moderator des Triathlons, heute uns durch seinen letzten Wettkampf f\u00fchrt. Wir sagen an dieser Stelle &#8222;Herzlichen Dank! Wir haben uns in den vergangenen Jahren immer wohl gef\u00fchlt bei Dir und Deinen Freunden.&#8220; Die La-Ola-Welle ist dann auch in diesem Jahr eine besonders gute und lange. Noch ein paar kurze Worte und dann startet Bianca ihren ersten Triathlon. Mit etwas Respekt, was da wohl auf sie zukommt, geht sie mit uns an den Start.<\/p>\n\n\n\n<p>Im See hei\u00dft es dann einen halbwegs freien Platz zum schwimmen zu finden. Nach etwas mehr als zehn Minuten sind wir drei aus dem Wasser heraus und laufen zum Rad. Noch einmal zuwinken und dann treten wir kr\u00e4ftig in die Pedalen. Wie in jedem Jahr ist die Strecke von Helfern und der Polizei gut gesichert. Leichte H\u00fcgel sind zu bew\u00e4ltigen auf unserem Weg vorbei an Bauernh\u00f6fen, Wiesen und Feldern. Auch das Wetter meint es heute gut mit uns. Die Sonne w\u00e4rmt und trocknet unsere Sportkleidung.<\/p>\n\n\n\n<p>Nach mehr als 16 km sind wir wieder zur\u00fcck in der Wechselzone. Absteigen, laufen und schieben bis zum vorher ausgesuchten Platz und dann geht es auf die Laufstrecke. Am Rand des Waldes wird Wasser gereicht. Wir nehmen es gerne. Jetzt liegen noch 3,7 km vor uns. Durch den Wald und am See zur\u00fcck. Hier ist es nun doch anstrengend und es zeigt sich schnell ob sich jeder von uns die Kraft richtig eingeteilt hat. Besonders f\u00fcr Bianca, mit ihrem ersten Start, ist die Phase sehr intensiv. Der Wechsel der Bewegungen ist noch nicht ganz verinnerlicht, die dritte Sportart ist kaum angefangen und dennoch ist schon viel Energie verbraucht. Wir alle kennen dies. Gedanken wie: &#8222;Ich k\u00f6nnte jetzt an einem See liegen. Warum mache ich das hier nur?&#8220; kommen schnell auf. Bianca kommt da gut durch. Sie schafft es schnell in den Laufmodus zu kommen. Fest ist der Wille diese Herausforderung zu meistern.<\/p>\n\n\n\n<p>Wir kommen alle drei zufrieden mit unseren Leistungen im Ziel an. Rasch ist wieder Luft da um neben der St\u00e4rkung im Zielbereich auch von den Erlebnissen, besonders des ersten, Triathlons zu erz\u00e4hlen.<\/p>\n\n\n\n<p><strong>Triathlon Borken<\/strong><\/p>\n\n\n\n<p><strong>Volksdistanz: 400 m &#8211; 16 km &#8211; 3.700 m<\/strong><\/p>\n\n\n\n<figure class=\"wp-block-table\"><table><thead><tr><th>Starter<\/th><th>AK Platz<\/th><th>Platz gesamt<\/th><th>Gesamtzeit<\/th><\/tr><\/thead><tbody><tr><td>Richard<\/td><td>12.<\/td><td>170.<\/td><td>01:09:41<\/td><\/tr><tr><td>Cossi<\/td><td>7.<\/td><td>199.<\/td><td>01:16:06<\/td><\/tr><tr><td>Bianca<\/td><td>20.<\/td><td>206.<\/td><td>01:19:16<\/td><\/tr><\/tbody><\/table><\/figure>\n","protected":false},"excerpt":{"rendered":"<p>\u2026 ach ja, stimmt. Cossi sagte es schon im letzten Jahr &#8222;Wir treffen uns im August in Borken.&#8220; Gesagt und auch getan und noch Bianca mitgebracht. Sie geht hier in Borken an dem Start f\u00fcr ihren ersten Triathlon.<\/p>\n","protected":false},"author":1,"featured_media":0,"comment_status":"closed","ping_status":"open","sticky":false,"template":"","format":"standard","meta":{"footnotes":""},"categories":[23],"tags":[192,136,141],"class_list":["post-2497","post","type-post","status-publish","format-standard","hentry","category-berichte-2018","tag-borken","tag-triathlon","tag-volkstriathlon"],"_links":{"self":[{"href":"https:\/\/arnwiesen.net\/wpt\/wp-json\/wp\/v2\/posts\/2497","targetHints":{"allow":["GET"]}}],"collection":[{"href":"https:\/\/arnwiesen.net\/wpt\/wp-json\/wp\/v2\/posts"}],"about":[{"href":"https:\/\/arnwiesen.net\/wpt\/wp-json\/wp\/v2\/types\/post"}],"author":[{"embeddable":true,"href":"https:\/\/arnwiesen.net\/wpt\/wp-json\/wp\/v2\/users\/1"}],"replies":[{"embeddable":true,"href":"https:\/\/arnwiesen.net\/wpt\/wp-json\/wp\/v2\/comments?post=2497"}],"version-history":[{"count":4,"href":"https:\/\/arnwiesen.net\/wpt\/wp-json\/wp\/v2\/posts\/2497\/revisions"}],"predecessor-version":[{"id":2595,"href":"https:\/\/arnwiesen.net\/wpt\/wp-json\/wp\/v2\/posts\/2497\/revisions\/2595"}],"wp:attachment":[{"href":"https:\/\/arnwiesen.net\/wpt\/wp-json\/wp\/v2\/media?parent=2497"}],"wp:term":[{"taxonomy":"category","embeddable":true,"href":"https:\/\/arnwiesen.net\/wpt\/wp-json\/wp\/v2\/categories?post=2497"},{"taxonomy":"post_tag","embeddable":true,"href":"https:\/\/arnwiesen.net\/wpt\/wp-json\/wp\/v2\/tags?post=2497"}],"curies":[{"name":"wp","href":"https:\/\/api.w.org\/{rel}","templated":true}]}}