{"id":2495,"date":"2018-10-28T13:14:00","date_gmt":"2018-10-28T12:14:00","guid":{"rendered":"https:\/\/arnwiesen.net\/wpt\/?p=2495"},"modified":"2022-07-24T19:39:15","modified_gmt":"2022-07-24T17:39:15","slug":"der-berg-ruft","status":"publish","type":"post","link":"https:\/\/arnwiesen.net\/wpt\/2018\/der-berg-ruft\/","title":{"rendered":"Der Berg ruft \u2026"},"content":{"rendered":"\n<p><strong>\u2026 und dieses Mal auf Franz\u00f6sisch<\/strong><\/p>\n\n\n\n<p>Wenn der Berg ruft, dann sollte man dem auch folgen. Das hei\u00dft f\u00fcr uns, anmelden im Mai und sp\u00e4testens ab diesem Zeitpunkt trainieren. Wir das sind Karol und Richard. Karol hat zur Vorbereitung etliche Trainingskilometer und auch mehrere Veranstaltungen hinter sich gebracht. Bei mir, Richard, hat es in diesem Jahr nicht ganz geklappt. Zeit f\u00fcr \u00dcbungsrunden mit H\u00f6henmeter hatte ich leider \u00fcberhaupt nicht. Dann nicht und trotzdem geht es gut gelaunt los.<\/p>\n\n\n<div class=\"wp-block-image\">\n<figure class=\"aligncenter\"><img decoding=\"async\" src=\"https:\/\/arnwiesen.net\/wpt\/wp-content\/uploads\/2018\/PV2018_MarquePage_kl.jpg\" alt=\"\"\/><figcaption>Paris Versailles<\/figcaption><\/figure>\n<\/div>\n\n\n<!--more-->\n\n\n\n<p>Am Vortag holen wir noch die Startunterlagen ab. Dabei lernen wir etliche Helfer und die Initiatorenfamilie kennen. Es ist schon ein beachtlicher Erfolg was alle zusammen auf die Beine stellen. In diesem Jahr findet der Lauf zum 41. Mal statt und er hat mittlerweile den Namenszusatz \u201eLa grande classique\u201c erhalten.<\/p>\n\n\n\n<p>Um kurz vor 9 Uhr treffen wir uns in Versailles am Bahnhof. Die ganze Halle ist voller Sportler und alle wollen zur gleichen Veranstaltung. An jeder Haltestelle steigen noch weitere ein, bis der Zug mehr als voll ist. Von unserer Zielstation sehen wir sofort wo der Startbereich sich befindet. Direkt am Eiffelturm ist der Start des Laufes \u201eParis Versailles\u201c mit den 25.000 gemeldeten Sportlern.<\/p>\n\n\n\n<p>Die ersten Kilometer f\u00fchren uns an der Seine entlang. Vorbei an den B\u00fcros von Mircosoft, Radio France und dem Modell der Freiheitsstatur. Ab Kilometer 6 haben wir dann den Anstieg vor uns. Fast zwei Kilometer mit 7% Steigung kosten schon viel Energie. Eine blaue Fahne zeigt 173 H\u00f6henmeter an und Kameras fordern den m\u00fcden Gesichtern ein L\u00e4cheln ab. Wie gut das jedem gelungen ist sehen wir dann sp\u00e4ter bei youtube.<\/p>\n\n\n\n<p>Die Strecke f\u00fchrt uns nun durch W\u00e4lder und an kleinen Siedlungen vorbei. Sogar ein kleiner Dorfweiher mit Enten liegt auf unserem Weg. Das alles nur ein paar Kilometer von Paris entfernt. Am Streckenrand muntern Musiker und Zuschauer die L\u00e4ufer auf. Bei den Verpflegungsstationen helfen unz\u00e4hlige Freiwillige. So kommen wir nach 14 Kilometer an den Stadtrand von Versailles. Noch eine Kurve, noch ein Kreisverkehr und wir sind auf der Avenue de Paris. Entlang dieser gro\u00dfen Prachtstra\u00dfe geht es bis kurz vor dem Schloss. Dort ist unser Ziel.<\/p>\n\n\n\n<p>Karol ben\u00f6tigt f\u00fcr diesen Lauf 1h 24mn 27s. Es ist eine fantastische Zeit f\u00fcr seine erste Teilnahme. Nach 2h 01mn 03s habe auch ich die 16,2 km lange Strecke geschafft. Hinter uns liegen anstrengende Kilometer, eine sch\u00f6ne Strecke und etliche nette Begegnungen. Und nat\u00fcrlich der Berg.<\/p>\n\n\n<div class=\"wp-block-image\">\n<figure class=\"aligncenter\"><img decoding=\"async\" src=\"https:\/\/arnwiesen.net\/wpt\/wp-content\/uploads\/2018\/PV2018_MarquePage_dipl.jpg\" alt=\"\"\/><\/figure>\n<\/div>\n\n\n<p><strong>La grande classique &#8211; Paris\/Versailles &#8211; 16,2 km<\/strong><\/p>\n\n\n\n<figure class=\"wp-block-table\"><table><thead><tr><th>Starter<\/th><th>AK<\/th><th>Platz<\/th><th>Platz AK<\/th><th>Platz M\/F<\/th><th>Netto-Zeit<\/th><\/tr><\/thead><tbody><tr><td>&nbsp;Karol<\/td><td>&nbsp;<\/td><td>&nbsp;<\/td><td>&nbsp;<\/td><td>&nbsp;<\/td><td>01:24:27<\/td><\/tr><tr><td>&nbsp;Richard<\/td><td>M50<\/td><td>20447 \/ 21841<\/td><td>2653 \/ 2798<\/td><td>14799 \/ 15384<\/td><td>02:01:03<\/td><\/tr><\/tbody><\/table><\/figure>\n","protected":false},"excerpt":{"rendered":"<p>\u2026 und dieses Mal auf Franz\u00f6sisch Wenn der Berg ruft, dann sollte man dem auch folgen. Das hei\u00dft f\u00fcr uns, anmelden im Mai und sp\u00e4testens ab diesem Zeitpunkt trainieren. Wir das sind Karol und Richard. Karol hat zur Vorbereitung etliche Trainingskilometer und auch mehrere Veranstaltungen hinter sich gebracht. Bei mir, Richard, hat es in diesem &hellip; <a href=\"https:\/\/arnwiesen.net\/wpt\/2018\/der-berg-ruft\/\" class=\"more-link\"><span class=\"screen-reader-text\">\u201eDer Berg ruft \u2026\u201c<\/span> weiterlesen<\/a><\/p>\n","protected":false},"author":1,"featured_media":0,"comment_status":"closed","ping_status":"open","sticky":false,"template":"","format":"standard","meta":{"footnotes":""},"categories":[23],"tags":[354,133,355,210],"class_list":["post-2495","post","type-post","status-publish","format-standard","hentry","category-berichte-2018","tag-16km","tag-paris","tag-versailles","tag-volkslauf"],"_links":{"self":[{"href":"https:\/\/arnwiesen.net\/wpt\/wp-json\/wp\/v2\/posts\/2495","targetHints":{"allow":["GET"]}}],"collection":[{"href":"https:\/\/arnwiesen.net\/wpt\/wp-json\/wp\/v2\/posts"}],"about":[{"href":"https:\/\/arnwiesen.net\/wpt\/wp-json\/wp\/v2\/types\/post"}],"author":[{"embeddable":true,"href":"https:\/\/arnwiesen.net\/wpt\/wp-json\/wp\/v2\/users\/1"}],"replies":[{"embeddable":true,"href":"https:\/\/arnwiesen.net\/wpt\/wp-json\/wp\/v2\/comments?post=2495"}],"version-history":[{"count":4,"href":"https:\/\/arnwiesen.net\/wpt\/wp-json\/wp\/v2\/posts\/2495\/revisions"}],"predecessor-version":[{"id":4233,"href":"https:\/\/arnwiesen.net\/wpt\/wp-json\/wp\/v2\/posts\/2495\/revisions\/4233"}],"wp:attachment":[{"href":"https:\/\/arnwiesen.net\/wpt\/wp-json\/wp\/v2\/media?parent=2495"}],"wp:term":[{"taxonomy":"category","embeddable":true,"href":"https:\/\/arnwiesen.net\/wpt\/wp-json\/wp\/v2\/categories?post=2495"},{"taxonomy":"post_tag","embeddable":true,"href":"https:\/\/arnwiesen.net\/wpt\/wp-json\/wp\/v2\/tags?post=2495"}],"curies":[{"name":"wp","href":"https:\/\/api.w.org\/{rel}","templated":true}]}}