{"id":2493,"date":"2018-07-14T13:13:00","date_gmt":"2018-07-14T11:13:00","guid":{"rendered":"https:\/\/arnwiesen.net\/wpt\/?p=2493"},"modified":"2022-07-24T19:41:00","modified_gmt":"2022-07-24T17:41:00","slug":"kitzalp24-2018","status":"publish","type":"post","link":"https:\/\/arnwiesen.net\/wpt\/2018\/kitzalp24-2018\/","title":{"rendered":"Kitzalp24 &#8211; 2018"},"content":{"rendered":"\n<p>Ein ganz besonderes und anderes Wandererlebnis in Tirol war auch 2018 wieder die &#8222;Kitzalp24&#8220; in der Wanderregion Alpbachtal&nbsp;Seenland vom 14. &#8211; 15.07.2018.<\/p>\n\n\n\n<p>Ca. 100 Wanderer&nbsp;starteten am Samstag um Punkt 09:00 Uhr zu einem&nbsp;Erlebnis, das man nicht so schnell vergisst. Ein Highlight in diesem Jahr war der Zireiner See &#8222;Das blaue Auge im Rofan&#8220;. Am Vold\u00f6pper Spitz wurden wir zum Abschluss mit einem wundersch\u00f6nen Sonnenaufgang belohnt.<\/p>\n\n\n\n<figure class=\"wp-block-image\"><img decoding=\"async\" src=\"https:\/\/arnwiesen.net\/wpt\/wp-content\/uploads\/2018\/kitzalp\/kitzalp24_04-kl.jpg\" alt=\"\"\/><\/figure>\n\n\n\n<!--more-->\n\n\n\n<figure class=\"wp-block-image\"><img decoding=\"async\" src=\"https:\/\/arnwiesen.net\/wpt\/wp-content\/uploads\/2018\/kitzalp\/42622106135_9d47496361_kl.jpg\" alt=\"\"\/><\/figure>\n\n\n\n<figure class=\"wp-block-image\"><img decoding=\"async\" src=\"https:\/\/arnwiesen.net\/wpt\/wp-content\/uploads\/2018\/kitzalp\/P1050592-kl.jpg\" alt=\"\"\/><\/figure>\n\n\n\n<p>Willkommensgru\u00df auf der Bayreuthh\u00fctte<\/p>\n\n\n\n<figure class=\"wp-block-image\"><img decoding=\"async\" src=\"https:\/\/arnwiesen.net\/wpt\/wp-content\/uploads\/2018\/kitzalp\/P1050598-kl.jpg\" alt=\"\"\/><\/figure>\n\n\n\n<p>Man sieht wo&#8217;s lang geht &#8211; einen Wegmarkierung ist \u00fcberfl\u00fcssig.<\/p>\n\n\n\n<figure class=\"wp-block-image\"><img decoding=\"async\" src=\"https:\/\/arnwiesen.net\/wpt\/wp-content\/uploads\/2018\/kitzalp\/P1050624-kl.jpg\" alt=\"\"\/><\/figure>\n\n\n\n<p>Rosskogel &#8211; einer der vielen H\u00f6hepunkte&nbsp;<\/p>\n\n\n\n<figure class=\"wp-block-image\"><img decoding=\"async\" src=\"https:\/\/arnwiesen.net\/wpt\/wp-content\/uploads\/2018\/kitzalp\/P1050677-kl.jpg\" alt=\"\"\/><\/figure>\n\n\n\n<p>1.100 H\u00f6henmeter mit Stirnlampe &#8211; eine Reihe Gl\u00fchw\u00fcrmchen schl\u00e4ngelt sich \u00fcber steile Bergpfade nach oben.<\/p>\n\n\n\n<figure class=\"wp-block-image\"><img decoding=\"async\" src=\"https:\/\/arnwiesen.net\/wpt\/wp-content\/uploads\/2018\/kitzalp\/P1050692-kl.jpg\" alt=\"\"\/><\/figure>\n\n\n\n<p>Vold\u00f6pper Spitz &#8211; 5:30 Sonnenaufgang am Gipfelkreuz. Das meiste ist geschafft &#8211; nur noch bergab &#8230;<\/p>\n\n\n\n<figure class=\"wp-block-image\"><img decoding=\"async\" src=\"https:\/\/arnwiesen.net\/wpt\/wp-content\/uploads\/2018\/kitzalp\/P1050705-kl.jpg\" alt=\"\"\/><\/figure>\n\n\n\n<p>Nach 23 Stdunden sind wir im Ziel. Organisatorisch findet die Fr\u00fchst\u00fcckspause erst nach dem Zielbogen statt.<\/p>\n\n\n\n<p>Das Datum f\u00fcr die 24 Stundenwanderung 2019 steht fest &#8211;&gt; 13. &#8211; 14.07.2019<\/p>\n\n\n\n<p><strong>50 Kilometer, 3000 H\u00f6henmeter und 24 Stunden &#8211; die Herausforderung wartet!<\/strong><\/p>\n\n\n\n<hr class=\"wp-block-separator has-alpha-channel-opacity\"\/>\n\n\n\n<p>Noch mehr Fotos:<\/p>\n\n\n\n<figure class=\"wp-block-embed\"><div class=\"wp-block-embed__wrapper\">\nhttps:\/\/photos.app.goo.gl\/Yrhrq8W99brgUaAn9\n<\/div><\/figure>\n","protected":false},"excerpt":{"rendered":"<p>Ein ganz besonderes und anderes Wandererlebnis in Tirol war auch 2018 wieder die &#8222;Kitzalp24&#8220; in der Wanderregion Alpbachtal&nbsp;Seenland vom 14. &#8211; 15.07.2018. Ca. 100 Wanderer&nbsp;starteten am Samstag um Punkt 09:00 Uhr zu einem&nbsp;Erlebnis, das man nicht so schnell vergisst. Ein Highlight in diesem Jahr war der Zireiner See &#8222;Das blaue Auge im Rofan&#8220;. Am Vold\u00f6pper &hellip; <a href=\"https:\/\/arnwiesen.net\/wpt\/2018\/kitzalp24-2018\/\" class=\"more-link\"><span class=\"screen-reader-text\">\u201eKitzalp24 &#8211; 2018\u201c<\/span> weiterlesen<\/a><\/p>\n","protected":false},"author":1,"featured_media":0,"comment_status":"closed","ping_status":"open","sticky":false,"template":"","format":"standard","meta":{"footnotes":""},"categories":[23],"tags":[121],"class_list":["post-2493","post","type-post","status-publish","format-standard","hentry","category-berichte-2018","tag-wandermarathon"],"_links":{"self":[{"href":"https:\/\/arnwiesen.net\/wpt\/wp-json\/wp\/v2\/posts\/2493","targetHints":{"allow":["GET"]}}],"collection":[{"href":"https:\/\/arnwiesen.net\/wpt\/wp-json\/wp\/v2\/posts"}],"about":[{"href":"https:\/\/arnwiesen.net\/wpt\/wp-json\/wp\/v2\/types\/post"}],"author":[{"embeddable":true,"href":"https:\/\/arnwiesen.net\/wpt\/wp-json\/wp\/v2\/users\/1"}],"replies":[{"embeddable":true,"href":"https:\/\/arnwiesen.net\/wpt\/wp-json\/wp\/v2\/comments?post=2493"}],"version-history":[{"count":2,"href":"https:\/\/arnwiesen.net\/wpt\/wp-json\/wp\/v2\/posts\/2493\/revisions"}],"predecessor-version":[{"id":2596,"href":"https:\/\/arnwiesen.net\/wpt\/wp-json\/wp\/v2\/posts\/2493\/revisions\/2596"}],"wp:attachment":[{"href":"https:\/\/arnwiesen.net\/wpt\/wp-json\/wp\/v2\/media?parent=2493"}],"wp:term":[{"taxonomy":"category","embeddable":true,"href":"https:\/\/arnwiesen.net\/wpt\/wp-json\/wp\/v2\/categories?post=2493"},{"taxonomy":"post_tag","embeddable":true,"href":"https:\/\/arnwiesen.net\/wpt\/wp-json\/wp\/v2\/tags?post=2493"}],"curies":[{"name":"wp","href":"https:\/\/api.w.org\/{rel}","templated":true}]}}