{"id":2491,"date":"2018-06-23T13:12:00","date_gmt":"2018-06-23T11:12:00","guid":{"rendered":"https:\/\/arnwiesen.net\/wpt\/?p=2491"},"modified":"2022-07-12T11:35:07","modified_gmt":"2022-07-12T09:35:07","slug":"rennsteig-radtour-2018","status":"publish","type":"post","link":"https:\/\/arnwiesen.net\/wpt\/2018\/rennsteig-radtour-2018\/","title":{"rendered":"Rennsteig-Radtour 2018"},"content":{"rendered":"\n<p><strong>Blankenstein &#8211; Friedrichsh\u00f6he &#8211; Oberhof &#8211; Herleshausen &#8211; Herbstein &#8211; Pohlheim<\/strong><\/p>\n\n\n\n<p>Vom 23. &#8211; 27. Juni&nbsp;2018 f\u00fchrte unsere Radtour von Blankenstein \u00fcber den Rennsteig-Radweg nach H\u00f6rschel und&nbsp;weiter \u00fcber Herleshausen, Bad Hersfeld, Lauterbach und Herbstein bis nach Pohlheim.<br>Insgesamt waren das 415 km in 5 Tagen.<br>Die ersten 3 Tage auf dem Rennsteig waren wir 6 Mitfahrer: Ludger, Werner, Cossi, Henry, J\u00f6rg und Frank.<br>An den letzten beiden Tagen in Hessen&nbsp;waren wir nur noch zu viert.<\/p>\n\n\n<div class=\"wp-block-image\">\n<figure class=\"aligncenter size-large\"><img decoding=\"async\" src=\"https:\/\/arnwiesen.net\/wpt\/wp-content\/uploads\/2018\/rennsteig-radtour\/R004.jpg\" alt=\"\"\/><\/figure>\n<\/div>\n\n\n<!--more-->\n\n\n\n<p><strong>1.Tag:<\/strong><br>Start am \u00f6stlichen Beginn des Rennsteiges in Blankenstein an der Saale.<br>Leider hatten wir am Anfang unterwegs viel Nieselregen, so da\u00df wir kaum Fotos vom 1. Tag haben.<br>In Friedrichsh\u00f6he haben wir uns in der Sauna und im&nbsp;<a href=\"http:\/\/pension-arnika.de\/\" target=\"_blank\" rel=\"noreferrer noopener\">Heubad<\/a>&nbsp;wieder aufgew\u00e4rmt.<\/p>\n\n\n<div class=\"wp-block-image\">\n<figure class=\"aligncenter size-large\"><img decoding=\"async\" src=\"https:\/\/arnwiesen.net\/wpt\/wp-content\/uploads\/2018\/rennsteig-radtour\/R018.jpg\" alt=\"\"\/><\/figure>\n<\/div>\n\n\n<p><strong>2.Tag:<\/strong><br>Hier sind wir an der sch\u00f6neren&nbsp;der beiden Werra-Quellen bei Masserberg.<\/p>\n\n\n<div class=\"wp-block-image\">\n<figure class=\"aligncenter size-large\"><img decoding=\"async\" src=\"https:\/\/arnwiesen.net\/wpt\/wp-content\/uploads\/2018\/rennsteig-radtour\/R022.jpg\" alt=\"\"\/><\/figure>\n<\/div>\n\n\n<p><strong>2.Tag:<\/strong><br>Kurze Pause noch vor dem Mittagessen am Trinius-Stein zwischen Masserberg und Neustadt am Rennsteig.<br>Nach dem Mittagessen waren wir im Rennsteig-Museum in Neustadt a. R.<\/p>\n\n\n<div class=\"wp-block-image\">\n<figure class=\"aligncenter size-large\"><img decoding=\"async\" src=\"https:\/\/arnwiesen.net\/wpt\/wp-content\/uploads\/2018\/rennsteig-radtour\/R028.jpg\" alt=\"\"\/><\/figure>\n<\/div>\n\n\n<p><strong>2.Tag:<\/strong><br>Kaffee-Pause im Rennsteig-Bahnhof.<\/p>\n\n\n<div class=\"wp-block-image\">\n<figure class=\"aligncenter size-large\"><img decoding=\"async\" src=\"https:\/\/arnwiesen.net\/wpt\/wp-content\/uploads\/2018\/rennsteig-radtour\/R036.jpg\" alt=\"\"\/><\/figure>\n<\/div>\n\n\n<p><strong>2.Tag:<\/strong><br>Leider gab es heute an der Schm\u00fccke keine Th\u00fcringer Bratwurst zu kaufen.<\/p>\n\n\n<div class=\"wp-block-image\">\n<figure class=\"aligncenter size-large\"><img decoding=\"async\" src=\"https:\/\/arnwiesen.net\/wpt\/wp-content\/uploads\/2018\/rennsteig-radtour\/R042.jpg\" alt=\"\"\/><\/figure>\n<\/div>\n\n\n<p><strong>2.Tag:<\/strong><br>Hier sind wir am h\u00f6chsten Punkt der Stra\u00dfe \u00fcber den Rennsteig kurz vor dem Schneekopf.<br>Den Abstecher zum Schneekopf haben wir auch noch gemacht.<\/p>\n\n\n<div class=\"wp-block-image\">\n<figure class=\"aligncenter size-large\"><img decoding=\"async\" src=\"https:\/\/arnwiesen.net\/wpt\/wp-content\/uploads\/2018\/rennsteig-radtour\/R050.jpg\" alt=\"\"\/><\/figure>\n<\/div>\n\n\n<p><strong>3.Tag:<\/strong><br>Erst am 3.Tag hatten wir an der Neuen Ausspanne die Gelegenheit, eine Th\u00fcringer Bratwurst zu kaufen.<\/p>\n\n\n<div class=\"wp-block-image\">\n<figure class=\"aligncenter size-large\"><img decoding=\"async\" src=\"https:\/\/arnwiesen.net\/wpt\/wp-content\/uploads\/2018\/rennsteig-radtour\/R056.jpg\" alt=\"\"\/><\/figure>\n<\/div>\n\n\n<p><strong>3.Tag:<\/strong><br>Wir machen einen kurzen Abstecher zur Ebertswiese. Der See am ehemaligen Steinbruch ist sehr idyllisch gelegen.<\/p>\n\n\n<div class=\"wp-block-image\">\n<figure class=\"aligncenter size-large\"><img decoding=\"async\" src=\"https:\/\/arnwiesen.net\/wpt\/wp-content\/uploads\/2018\/rennsteig-radtour\/R066.jpg\" alt=\"\"\/><\/figure>\n<\/div>\n\n\n<p><strong>3.Tag:<\/strong><br>\u00d6fters hat man sch\u00f6ne Ausblicke mit verschiedenen Blickwinkeln zur Wartburg bei Eisenach.<\/p>\n\n\n<div class=\"wp-block-image\">\n<figure class=\"aligncenter size-large\"><img decoding=\"async\" src=\"https:\/\/arnwiesen.net\/wpt\/wp-content\/uploads\/2018\/rennsteig-radtour\/R082.jpg\" alt=\"\"\/><\/figure>\n<\/div>\n\n\n<p><strong>3.Tag:<\/strong><br>Nach vielen holprigen Wegen und einer halsbrecherischen Abfahrt nach H\u00f6rschel&nbsp;haben wir das westliche Ende des Rennsteiges erreicht.<\/p>\n\n\n<div class=\"wp-block-image\">\n<figure class=\"aligncenter size-large\"><img decoding=\"async\" src=\"https:\/\/arnwiesen.net\/wpt\/wp-content\/uploads\/2018\/rennsteig-radtour\/R086.jpg\" alt=\"\"\/><\/figure>\n<\/div>\n\n\n<p><strong>3.Tag:<\/strong><br>Nat\u00fcrlich folgen wir der alten Tradition, einen Stein von der Saale \u00fcber den Rennsteig zur Werra (oder umgekehrt) zu bef\u00f6rdern.<\/p>\n\n\n<div class=\"wp-block-image\">\n<figure class=\"aligncenter size-large\"><img decoding=\"async\" src=\"https:\/\/arnwiesen.net\/wpt\/wp-content\/uploads\/2018\/rennsteig-radtour\/R104.jpg\" alt=\"\"\/><\/figure>\n<\/div>\n\n\n<p><strong>3.Tag:<\/strong><br>Viele Wanderer haben ihre Bergwanderschuhe am Rennsteig entsorgt.<\/p>\n\n\n<div class=\"wp-block-image\">\n<figure class=\"aligncenter size-large\"><img decoding=\"async\" src=\"https:\/\/arnwiesen.net\/wpt\/wp-content\/uploads\/2018\/rennsteig-radtour\/R110.jpg\" alt=\"\"\/><\/figure>\n<\/div>\n\n\n<p><strong>4.Tag:<\/strong><br>In Lauterbach erlauben die Schrittsteine einen kurzen Weg \u00fcber die Lauter.<br>Im Hintergrund sieht man das&nbsp;<a href=\"http:\/\/www.lauterbach-vogelsberg.de\/persoenlichkeiten\/lauterbacher_strolch1.htm\" target=\"_blank\" rel=\"noreferrer noopener\">Strolchdenkmal<\/a>.<\/p>\n\n\n<div class=\"wp-block-image\">\n<figure class=\"aligncenter size-large\"><img decoding=\"async\" src=\"https:\/\/arnwiesen.net\/wpt\/wp-content\/uploads\/2018\/rennsteig-radtour\/R122.jpg\" alt=\"\"\/><\/figure>\n<\/div>\n\n\n<p><strong>4.Tag:<\/strong><br>Es gibt viele kleine Fachwerkh\u00e4user in Lauterbach.<\/p>\n\n\n<div class=\"wp-block-image\">\n<figure class=\"aligncenter size-large\"><img decoding=\"async\" src=\"https:\/\/arnwiesen.net\/wpt\/wp-content\/uploads\/2018\/rennsteig-radtour\/R130.jpg\" alt=\"\"\/><\/figure>\n<\/div>\n\n\n<p><strong>4.Tag:<\/strong><br>Im Kolping-Feriendorf Herbstein (<a href=\"http:\/\/www.vogelsbergdorf.de\/\" target=\"_blank\" rel=\"noreferrer noopener\">Vogelsbergdorf<\/a>) haben wir in sch\u00f6nen Bungalows mit Aussichtsterrasse \u00fcbernachtet.<\/p>\n\n\n<div class=\"wp-block-image\">\n<figure class=\"aligncenter size-large\"><img decoding=\"async\" src=\"https:\/\/arnwiesen.net\/wpt\/wp-content\/uploads\/2018\/rennsteig-radtour\/R134.jpg\" alt=\"\"\/><\/figure>\n<\/div>\n\n\n<p><strong>5.Tag:<\/strong><br>Blick vom Vulkan-Radweg auf Herbstein.<\/p>\n\n\n<div class=\"wp-block-image\">\n<figure class=\"aligncenter size-large\"><img decoding=\"async\" src=\"https:\/\/arnwiesen.net\/wpt\/wp-content\/uploads\/2018\/rennsteig-radtour\/R140.jpg\" alt=\"\"\/><\/figure>\n<\/div>\n\n\n<p><strong>5.Tag:<\/strong><br>Mittagspause auf dem Hoherodskopf (764 m).<\/p>\n\n\n<div class=\"wp-block-image\">\n<figure class=\"aligncenter size-large\"><img decoding=\"async\" src=\"https:\/\/arnwiesen.net\/wpt\/wp-content\/uploads\/2018\/rennsteig-radtour\/R148.jpg\" alt=\"\"\/><\/figure>\n<\/div>\n\n\n<p><strong>5.Tag:<\/strong><br>Ankunft am Ziel in Pohlheim.<\/p>\n\n\n<div class=\"wp-block-image\">\n<figure class=\"aligncenter size-large\"><img decoding=\"async\" src=\"https:\/\/arnwiesen.net\/wpt\/wp-content\/uploads\/2018\/rennsteig-radtour\/Hoehenprofil.jpg\" alt=\"\"\/><\/figure>\n<\/div>\n\n\n<p>Im H\u00f6henprofil sieht man, da\u00df es auf dem Rennsteig innerhalb einer gewissen Grundh\u00f6he st\u00e4ndig rauf und runter ging.<br>Am 5. Tag ist dann der Hoherodskopf deutlich erkennbar.<\/p>\n\n\n\n<p>Mehr Fotos gibt es wie immer auf<br><a href=\"http:\/\/franklehmann.dyndns.eu\/index.php?folder=\/2018\/08_Radtour\/\" target=\"_blank\" rel=\"noreferrer noopener\">http:\/\/franklehmann.dyndns.eu\/index.php?folder=\/2018\/08_Radtour\/<\/a><\/p>\n","protected":false},"excerpt":{"rendered":"<p>Blankenstein &#8211; Friedrichsh\u00f6he &#8211; Oberhof &#8211; Herleshausen &#8211; Herbstein &#8211; Pohlheim Vom 23. &#8211; 27. Juni&nbsp;2018 f\u00fchrte unsere Radtour von Blankenstein \u00fcber den Rennsteig-Radweg nach H\u00f6rschel und&nbsp;weiter \u00fcber Herleshausen, Bad Hersfeld, Lauterbach und Herbstein bis nach Pohlheim.Insgesamt waren das 415 km in 5 Tagen.Die ersten 3 Tage auf dem Rennsteig waren wir 6 Mitfahrer: Ludger, &hellip; <a href=\"https:\/\/arnwiesen.net\/wpt\/2018\/rennsteig-radtour-2018\/\" class=\"more-link\"><span class=\"screen-reader-text\">\u201eRennsteig-Radtour 2018\u201c<\/span> weiterlesen<\/a><\/p>\n","protected":false},"author":6,"featured_media":0,"comment_status":"closed","ping_status":"open","sticky":false,"template":"","format":"standard","meta":{"footnotes":""},"categories":[23],"tags":[31,42,51],"class_list":["post-2491","post","type-post","status-publish","format-standard","hentry","category-berichte-2018","tag-radtour","tag-rennsteig","tag-schneekopf"],"_links":{"self":[{"href":"https:\/\/arnwiesen.net\/wpt\/wp-json\/wp\/v2\/posts\/2491","targetHints":{"allow":["GET"]}}],"collection":[{"href":"https:\/\/arnwiesen.net\/wpt\/wp-json\/wp\/v2\/posts"}],"about":[{"href":"https:\/\/arnwiesen.net\/wpt\/wp-json\/wp\/v2\/types\/post"}],"author":[{"embeddable":true,"href":"https:\/\/arnwiesen.net\/wpt\/wp-json\/wp\/v2\/users\/6"}],"replies":[{"embeddable":true,"href":"https:\/\/arnwiesen.net\/wpt\/wp-json\/wp\/v2\/comments?post=2491"}],"version-history":[{"count":2,"href":"https:\/\/arnwiesen.net\/wpt\/wp-json\/wp\/v2\/posts\/2491\/revisions"}],"predecessor-version":[{"id":2598,"href":"https:\/\/arnwiesen.net\/wpt\/wp-json\/wp\/v2\/posts\/2491\/revisions\/2598"}],"wp:attachment":[{"href":"https:\/\/arnwiesen.net\/wpt\/wp-json\/wp\/v2\/media?parent=2491"}],"wp:term":[{"taxonomy":"category","embeddable":true,"href":"https:\/\/arnwiesen.net\/wpt\/wp-json\/wp\/v2\/categories?post=2491"},{"taxonomy":"post_tag","embeddable":true,"href":"https:\/\/arnwiesen.net\/wpt\/wp-json\/wp\/v2\/tags?post=2491"}],"curies":[{"name":"wp","href":"https:\/\/api.w.org\/{rel}","templated":true}]}}