{"id":245,"date":"2019-04-27T09:22:00","date_gmt":"2019-04-27T07:22:00","guid":{"rendered":"https:\/\/arnwiesen.net\/wpt\/?p=245"},"modified":"2022-07-07T22:36:17","modified_gmt":"2022-07-07T20:36:17","slug":"10-km-269-stufen-188-hoehenmeter","status":"publish","type":"post","link":"https:\/\/arnwiesen.net\/wpt\/2019\/10-km-269-stufen-188-hoehenmeter\/","title":{"rendered":"10 km &#8211; 269 Stufen &#8211; 188 H\u00f6henmeter"},"content":{"rendered":"\n<p><strong>9. Osnabr\u00fccker Gipfelsturm<\/strong><\/p>\n\n\n\n<p>Mit vielen anderen sportbegeisterten L\u00e4uferinnen und L\u00e4ufern geht\u2019s vom Osnabr\u00fccker Marktplatz zum Piesberg. Die zehn Kilometer lange, richtig sch\u00f6ne und durchaus anspruchsvolle Strecke f\u00fchrt kurz vor dem Ziel \u00fcber 269 Treppenstufen hinauf auf 188 H\u00f6henmeter. Und das alles f\u00fcr den guten Zweck!<\/p>\n\n\n<div class=\"wp-block-image\">\n<figure class=\"aligncenter size-full\"><img loading=\"lazy\" decoding=\"async\" width=\"600\" height=\"148\" src=\"https:\/\/arnwiesen.net\/wpt\/wp-content\/uploads\/2019\/gipfelsturm.jpg\" alt=\"\" class=\"wp-image-619\" srcset=\"https:\/\/arnwiesen.net\/wpt\/wp-content\/uploads\/2019\/gipfelsturm.jpg 600w, https:\/\/arnwiesen.net\/wpt\/wp-content\/uploads\/2019\/gipfelsturm-300x74.jpg 300w\" sizes=\"auto, (max-width: 709px) 85vw, (max-width: 909px) 67vw, (max-width: 984px) 61vw, (max-width: 1362px) 45vw, 600px\" \/><\/figure>\n<\/div>\n\n<div class=\"wp-block-image\">\n<figure class=\"aligncenter size-full\"><img loading=\"lazy\" decoding=\"async\" width=\"600\" height=\"450\" src=\"https:\/\/arnwiesen.net\/wpt\/wp-content\/uploads\/2019\/fdgdsf.jpg\" alt=\"\" class=\"wp-image-617\" srcset=\"https:\/\/arnwiesen.net\/wpt\/wp-content\/uploads\/2019\/fdgdsf.jpg 600w, https:\/\/arnwiesen.net\/wpt\/wp-content\/uploads\/2019\/fdgdsf-300x225.jpg 300w\" sizes=\"auto, (max-width: 709px) 85vw, (max-width: 909px) 67vw, (max-width: 984px) 61vw, (max-width: 1362px) 45vw, 600px\" \/><figcaption>Ulli und Rosi<\/figcaption><\/figure>\n<\/div>\n\n\n<!--more-->\n\n\n\n<p>Osnabr\u00fcck. Von Windb\u00f6en und Regen lie\u00dfen sich 532 L\u00e4ufer am Samstagvormittag nicht aufhalten: Trotz ungem\u00fctlicher \u00e4u\u00dferer Bedingungen wurde der 9. Gipfelsturm der Diakoniestiftung Osnabr\u00fcck zum gelungenen Auftakt der &#8222;Active-Dreierpack&#8220;-Serie.<\/p>\n\n\n\n<figure class=\"wp-block-image size-full\"><img loading=\"lazy\" decoding=\"async\" width=\"600\" height=\"338\" src=\"https:\/\/arnwiesen.net\/wpt\/wp-content\/uploads\/2019\/gipfelsturmlauf-in-osnabrueck-26-4-2014-osnabrue_full.jpg\" alt=\"\" class=\"wp-image-620\" srcset=\"https:\/\/arnwiesen.net\/wpt\/wp-content\/uploads\/2019\/gipfelsturmlauf-in-osnabrueck-26-4-2014-osnabrue_full.jpg 600w, https:\/\/arnwiesen.net\/wpt\/wp-content\/uploads\/2019\/gipfelsturmlauf-in-osnabrueck-26-4-2014-osnabrue_full-300x169.jpg 300w\" sizes=\"auto, (max-width: 709px) 85vw, (max-width: 909px) 67vw, (max-width: 984px) 61vw, (max-width: 1362px) 45vw, 600px\" \/><figcaption>269 Stufen<\/figcaption><\/figure>\n\n\n<div class=\"wp-block-image\">\n<figure class=\"aligncenter size-full\"><img loading=\"lazy\" decoding=\"async\" width=\"619\" height=\"346\" src=\"https:\/\/arnwiesen.net\/wpt\/wp-content\/uploads\/2019\/osnabrcker-gipfelsturm.png\" alt=\"\" class=\"wp-image-629\" srcset=\"https:\/\/arnwiesen.net\/wpt\/wp-content\/uploads\/2019\/osnabrcker-gipfelsturm.png 619w, https:\/\/arnwiesen.net\/wpt\/wp-content\/uploads\/2019\/osnabrcker-gipfelsturm-300x168.png 300w\" sizes=\"auto, (max-width: 709px) 85vw, (max-width: 909px) 67vw, (max-width: 984px) 61vw, (max-width: 1362px) 45vw, 600px\" \/><figcaption>Osnabr\u00fccker Gipfelsturm<\/figcaption><\/figure>\n<\/div>\n\n\n<p><strong>15. Haster Volkslauf&nbsp;<\/strong><\/p>\n\n\n\n<p>Das Nettetal und der Haster Berg &#8211; wobei nur das Tal wirklich nett ist. Nach 4,5 km verl\u00e4\u00dft die Laufstrecke die nette Aue und geht 2 km stetig bergauf. Was hoch geht, gehr nat\u00fcrlich auch wieder ab und das ist der angenehme Teil des Haster Volkslauf.<\/p>\n\n\n\n<figure class=\"wp-block-image size-full\"><img loading=\"lazy\" decoding=\"async\" width=\"610\" height=\"360\" src=\"https:\/\/arnwiesen.net\/wpt\/wp-content\/uploads\/2019\/haster-volkslauf.png\" alt=\"\" class=\"wp-image-622\" srcset=\"https:\/\/arnwiesen.net\/wpt\/wp-content\/uploads\/2019\/haster-volkslauf.png 610w, https:\/\/arnwiesen.net\/wpt\/wp-content\/uploads\/2019\/haster-volkslauf-300x177.png 300w\" sizes=\"auto, (max-width: 709px) 85vw, (max-width: 909px) 67vw, (max-width: 984px) 61vw, (max-width: 1362px) 45vw, 600px\" \/><figcaption>Haster Nettetal<\/figcaption><\/figure>\n\n\n\n<p><strong>16. Turm zu Turm Lauf &#8211; 10,5 km (Bikeathlon)<\/strong><\/p>\n\n\n\n<p>Vor der Fiets-Elfstedentocht fehlten mir noch Radtrainingseinheiten &#8211; so kam mir, bei dem sonnigen Wetter, die spontane Idee &#8211; 21 km mit dem Rad hin &#8211; 10,5 km \u00fcber den Berg &#8211; und 24 km mit dem Rad zur\u00fcck. Der Wechsel Rad\/Laufen muss noch ge\u00fcbt werden, insbesondere am Berg. Die 2,5 km durch den Kurpark liefen noch ganz ordentlich, aber am Anstieg musste ich das Hauptfeld ziehen lassen. Mit einer Handvoll Weggenossen ding es dann die restlichen 8 km auf und ab durch den Teutoburger Wald.<\/p>\n\n\n<div class=\"wp-block-image\">\n<figure class=\"aligncenter size-full\"><img loading=\"lazy\" decoding=\"async\" width=\"605\" height=\"351\" src=\"https:\/\/arnwiesen.net\/wpt\/wp-content\/uploads\/2019\/turm-zu-turm.png\" alt=\"\" class=\"wp-image-632\" srcset=\"https:\/\/arnwiesen.net\/wpt\/wp-content\/uploads\/2019\/turm-zu-turm.png 605w, https:\/\/arnwiesen.net\/wpt\/wp-content\/uploads\/2019\/turm-zu-turm-300x174.png 300w\" sizes=\"auto, (max-width: 709px) 85vw, (max-width: 909px) 67vw, (max-width: 984px) 61vw, (max-width: 1362px) 45vw, 600px\" \/><figcaption>GM-H\u00fctte Turmlauf<\/figcaption><\/figure>\n<\/div>\n\n\n<p><strong>8. Voxtruper Volkslauf&nbsp;<\/strong><\/p>\n\n\n\n<p>Nachdem negativen Blutdoping am Vortag (Blutspende beim DRK) war leider nicht mehr drin. Wir haben uns bei warmen Wetter \u00fcber den Berg gequ\u00e4lt. Trotz Gewichtsreduzierung von 1\/2 l Blut ist uns dieser Lauf nicht leichtgefallen. Wir h\u00e4tten uns unser Blut aufpeppen und wieder einfl\u00f6\u00dfen lassen sollen &#8211; so geht Doping<\/p>\n\n\n<div class=\"wp-block-image\">\n<figure class=\"aligncenter size-full\"><img loading=\"lazy\" decoding=\"async\" width=\"607\" height=\"340\" src=\"https:\/\/arnwiesen.net\/wpt\/wp-content\/uploads\/2019\/voxtruper_abendlaf.png\" alt=\"\" class=\"wp-image-633\" srcset=\"https:\/\/arnwiesen.net\/wpt\/wp-content\/uploads\/2019\/voxtruper_abendlaf.png 607w, https:\/\/arnwiesen.net\/wpt\/wp-content\/uploads\/2019\/voxtruper_abendlaf-300x168.png 300w\" sizes=\"auto, (max-width: 709px) 85vw, (max-width: 909px) 67vw, (max-width: 984px) 61vw, (max-width: 1362px) 45vw, 600px\" \/><figcaption>Voxtruper Abendlauf<\/figcaption><\/figure>\n<\/div>\n\n\n<p><strong>17. Borgloher Weiherlauf<\/strong><\/p>\n\n\n\n<p>Mit Blitz und Donner und bei str\u00f6menden Regen ging es rauf und runter \u00fcber die Borgloher Berge. Kurz gesagt nix f\u00fcr mich.<\/p>\n\n\n<div class=\"wp-block-image\">\n<figure class=\"aligncenter size-full\"><img loading=\"lazy\" decoding=\"async\" width=\"645\" height=\"369\" src=\"https:\/\/arnwiesen.net\/wpt\/wp-content\/uploads\/2019\/borgloher_weiherlauf.jpg\" alt=\"\" class=\"wp-image-611\" srcset=\"https:\/\/arnwiesen.net\/wpt\/wp-content\/uploads\/2019\/borgloher_weiherlauf.jpg 645w, https:\/\/arnwiesen.net\/wpt\/wp-content\/uploads\/2019\/borgloher_weiherlauf-300x172.jpg 300w\" sizes=\"auto, (max-width: 709px) 85vw, (max-width: 909px) 67vw, (max-width: 984px) 61vw, (max-width: 1362px) 45vw, 600px\" \/><figcaption>Borgloher Weiherlauf<\/figcaption><\/figure>\n<\/div>\n\n<div class=\"wp-block-image\">\n<figure class=\"aligncenter size-full\"><img loading=\"lazy\" decoding=\"async\" width=\"600\" height=\"412\" src=\"https:\/\/arnwiesen.net\/wpt\/wp-content\/uploads\/2019\/borgloh.jpg\" alt=\"\" class=\"wp-image-610\" srcset=\"https:\/\/arnwiesen.net\/wpt\/wp-content\/uploads\/2019\/borgloh.jpg 600w, https:\/\/arnwiesen.net\/wpt\/wp-content\/uploads\/2019\/borgloh-300x206.jpg 300w\" sizes=\"auto, (max-width: 709px) 85vw, (max-width: 909px) 67vw, (max-width: 984px) 61vw, (max-width: 1362px) 45vw, 600px\" \/><figcaption>und dann Duschen<\/figcaption><\/figure>\n<\/div>\n\n\n<p><\/p>\n\n\n\n<p><\/p>\n\n\n\n<figure class=\"wp-block-table\"><table><thead><tr><th>Starter<\/th><th>gesamt<\/th><th>Zeit<\/th><th>M\/F<\/th><\/tr><\/thead><tbody><tr><td>&nbsp;<\/td><td>&nbsp;<\/td><td>&nbsp;<\/td><td>&nbsp;<\/td><\/tr><tr><td><strong>9. Osnabr\u00fccker Gipfelsturm &#8211; 10 km &#8211; 27.04.2019<\/strong><\/td><td>&nbsp;<\/td><td>&nbsp;<\/td><td>&nbsp;<\/td><\/tr><tr><td>Pier<\/td><td>96.\/533<\/td><td>48:57<\/td><td>86.\/381<\/td><\/tr><tr><td>Rosi<\/td><td>504.\/532<\/td><td>1:10:18<\/td><td>138.\/151<\/td><\/tr><tr><td>Ulli<\/td><td>524.\/532<\/td><td>1:16:00<\/td><td>375.\/381<\/td><\/tr><tr><td>&nbsp;<\/td><td>&nbsp;<\/td><td>&nbsp;<\/td><td>&nbsp;<\/td><\/tr><tr><td><strong>15. Haster Volkslauf&nbsp; f\u00fcr &#8222;Jede Oma z\u00e4hlt&#8220; &#8211; 10 km &#8211; 05.05.2019<\/strong><\/td><td>&nbsp;<\/td><td>&nbsp;<\/td><td>&nbsp;<\/td><\/tr><tr><td>Rosi<\/td><td>395.\/429<\/td><td>1:02:48<\/td><td>105.\/127<\/td><\/tr><tr><td>Ulli<\/td><td>424.\/429<\/td><td>1:11:27<\/td><td>300.\/302<\/td><\/tr><tr><td>&nbsp;<\/td><td>&nbsp;<\/td><td>&nbsp;<\/td><td>&nbsp;<\/td><\/tr><tr><td><strong>16. Turm zu Turm Lauf &#8211; 10,5 km &#8211; 18.05.2019<\/strong><\/td><td>&nbsp;<\/td><td>&nbsp;<\/td><td>&nbsp;<\/td><\/tr><tr><td>Ulli<\/td><td>196.\/200<\/td><td>1:23:21<\/td><td>&nbsp;131.\/132<\/td><\/tr><tr><td>&nbsp;<\/td><td>&nbsp;<\/td><td>&nbsp;<\/td><td>&nbsp;<\/td><\/tr><tr><td><strong>8. Voxtruper Volkslauf &#8211; 10 km &#8211; 24.05.2019<\/strong><\/td><td>&nbsp;<\/td><td>&nbsp;<\/td><td>&nbsp;<\/td><\/tr><tr><td>Rosi<\/td><td>261.\/263<\/td><td>1:10:23<\/td><td>72.\/73<\/td><\/tr><tr><td>Ulli<\/td><td>263.\/263<\/td><td>1:15:09<\/td><td>190.\/190<\/td><\/tr><tr><td>&nbsp;<\/td><td>&nbsp;<\/td><td>&nbsp;<\/td><td>&nbsp;<\/td><\/tr><tr><td><strong>38. Nacht von Hasbergen &#8211; 10 km &#8211; 31.05.2019<\/strong><\/td><td>&nbsp;<\/td><td>&nbsp;<\/td><td>&nbsp;<\/td><\/tr><tr><td>Rosi<\/td><td>223.\/246<\/td><td>1:04:12<\/td><td>53.\/62<\/td><\/tr><tr><td>Ulli<\/td><td>243.\/246<\/td><td>1:11:51<\/td><td>181.\/184<\/td><\/tr><tr><td>&nbsp;<\/td><td>&nbsp;<\/td><td>&nbsp;<\/td><td>&nbsp;<\/td><\/tr><tr><td><strong>17. Borgloher Weiherlauf &#8211; 10 km &#8211; 07.06.2019<\/strong><\/td><td>&nbsp;<\/td><td>&nbsp;<\/td><td>&nbsp;<\/td><\/tr><tr><td>Rosi<\/td><td>274.\/280<\/td><td>1:09:22<\/td><td>68.\/70<\/td><\/tr><tr><td>Ulli<\/td><td>278.\/280<\/td><td>1:12:56<\/td><td>209,\/210<\/td><\/tr><tr><td>&nbsp;<\/td><td>&nbsp;<\/td><td>&nbsp;<\/td><td>&nbsp;<\/td><\/tr><tr><td><strong>Meller Berglauf &#8211; 10 km 14.06.2019<\/strong><\/td><td>&nbsp;<\/td><td>&nbsp;<\/td><td>&nbsp;<\/td><\/tr><tr><td>Ulli &#8211; f\u00e4llt aus, ist segeln<\/td><\/tr><\/tbody><\/table><\/figure>\n","protected":false},"excerpt":{"rendered":"<p>9. Osnabr\u00fccker Gipfelsturm Mit vielen anderen sportbegeisterten L\u00e4uferinnen und L\u00e4ufern geht\u2019s vom Osnabr\u00fccker Marktplatz zum Piesberg. Die zehn Kilometer lange, richtig sch\u00f6ne und durchaus anspruchsvolle Strecke f\u00fchrt kurz vor dem Ziel \u00fcber 269 Treppenstufen hinauf auf 188 H\u00f6henmeter. Und das alles f\u00fcr den guten Zweck!<\/p>\n","protected":false},"author":1,"featured_media":0,"comment_status":"closed","ping_status":"open","sticky":false,"template":"","format":"standard","meta":{"footnotes":""},"categories":[24],"tags":[125,156,158,159,152,161,155,160],"class_list":["post-245","post","type-post","status-publish","format-standard","hentry","category-berichte-2019","tag-10km","tag-borgloher-weiherlauf","tag-haste-nettetal","tag-landschaftslauf","tag-laufserie","tag-osnabruecker-gipfelsturm","tag-turm-zu-turm","tag-voxtruper-abendlauf"],"_links":{"self":[{"href":"https:\/\/arnwiesen.net\/wpt\/wp-json\/wp\/v2\/posts\/245","targetHints":{"allow":["GET"]}}],"collection":[{"href":"https:\/\/arnwiesen.net\/wpt\/wp-json\/wp\/v2\/posts"}],"about":[{"href":"https:\/\/arnwiesen.net\/wpt\/wp-json\/wp\/v2\/types\/post"}],"author":[{"embeddable":true,"href":"https:\/\/arnwiesen.net\/wpt\/wp-json\/wp\/v2\/users\/1"}],"replies":[{"embeddable":true,"href":"https:\/\/arnwiesen.net\/wpt\/wp-json\/wp\/v2\/comments?post=245"}],"version-history":[{"count":5,"href":"https:\/\/arnwiesen.net\/wpt\/wp-json\/wp\/v2\/posts\/245\/revisions"}],"predecessor-version":[{"id":2639,"href":"https:\/\/arnwiesen.net\/wpt\/wp-json\/wp\/v2\/posts\/245\/revisions\/2639"}],"wp:attachment":[{"href":"https:\/\/arnwiesen.net\/wpt\/wp-json\/wp\/v2\/media?parent=245"}],"wp:term":[{"taxonomy":"category","embeddable":true,"href":"https:\/\/arnwiesen.net\/wpt\/wp-json\/wp\/v2\/categories?post=245"},{"taxonomy":"post_tag","embeddable":true,"href":"https:\/\/arnwiesen.net\/wpt\/wp-json\/wp\/v2\/tags?post=245"}],"curies":[{"name":"wp","href":"https:\/\/api.w.org\/{rel}","templated":true}]}}