{"id":235,"date":"1998-09-06T12:19:00","date_gmt":"1998-09-06T10:19:00","guid":{"rendered":"https:\/\/arnwiesen.net\/wpt\/?p=235"},"modified":"2022-07-22T22:36:20","modified_gmt":"2022-07-22T20:36:20","slug":"14-niebelungen-triathlon","status":"publish","type":"post","link":"https:\/\/arnwiesen.net\/wpt\/1998\/14-niebelungen-triathlon\/","title":{"rendered":"14. Niebelungen-Triathlon &#8211; 1998"},"content":{"rendered":"<div class=\"wp-block-image\">\n<figure class=\"aligncenter size-full\"><img loading=\"lazy\" decoding=\"async\" width=\"200\" height=\"150\" src=\"https:\/\/arnwiesen.net\/wpt\/wp-content\/uploads\/1998\/amphi.jpg\" alt=\"\" class=\"wp-image-123\"\/><\/figure>\n<\/div>\n\n\n<p>&lt;&lt;&lt; gem\u00e4\u00df dem Motto : &#8220; Kultur mu\u00df sein &#8230;&#8220; &lt;&lt;&lt; Info zum Wettkampfort<\/p>\n\n\n\n<!--more-->\n\n\n\n<figure class=\"wp-block-table\"><table><thead><tr><th>Name<\/th><th>AK<\/th><th>Schwimmen<br>500 m<\/th><th>Wechsel<\/th><th>Zeit<\/th><th>Platz <br>Schwimmen<\/th><th>Rad<br>18,1 km<\/th><th>Platz <br>Rad<\/th><th>Laufen<br>5 km<\/th><th>Platz<br>Laufen<\/th><th>Zeit<br>gesamt<\/th><th>Platz<br>AK<\/th><th>Platz<br>gesamt<br><\/th><\/tr><\/thead><tbody><tr><td>J\u00f6rg<\/td><td>35<\/td><td><strong><em>12:47<\/em><\/strong><\/td><td><strong><em>0:50<\/em><\/strong><\/td><td>13:37<\/td><td>153<\/td><td>33:17<\/td><td>76<\/td><td>24:02<\/td><td>126<\/td><td>1:10:56<\/td><td>18<\/td><td>101<\/td><\/tr><tr><td>Atze<\/td><td>35<\/td><td><strong><em>12:37<\/em><\/strong><\/td><td><strong><em>1:40<\/em><\/strong><\/td><td>14:17<\/td><td>186<\/td><td>34:39<\/td><td>121<\/td><td>22:43<\/td><td>87<\/td><td>1:11:39<\/td><td>26<\/td><td>120<\/td><\/tr><tr><td>Cossi<\/td><td>40<\/td><td><strong><em>12:39<\/em><\/strong><\/td><td><strong><em>0:30<\/em><\/strong><\/td><td>13:09<\/td><td>130<\/td><td>34:36<\/td><td>119<\/td><td>26:23<\/td><td>221<\/td><td>1:14:08<\/td><td>20<\/td><td>156<\/td><\/tr><\/tbody><\/table><\/figure>\n\n\n\n<p><\/p>\n\n\n\n<p><\/p>\n\n\n\n<p><strong>11. Wedau-Pokal 26.9.98 in Duisburg<\/strong><\/p>\n\n\n<div class=\"wp-block-image\">\n<figure class=\"aligncenter size-full\"><img loading=\"lazy\" decoding=\"async\" width=\"200\" height=\"235\" src=\"https:\/\/arnwiesen.net\/wpt\/wp-content\/uploads\/1998\/wedau.jpg\" alt=\"\" class=\"wp-image-127\"\/><figcaption>die &#8222;gef\u00fcrchtete&#8220; Schleife um die Wedau-Regatta-Strecke &#8230;<\/figcaption><\/figure>\n<\/div>","protected":false},"excerpt":{"rendered":"<p>&lt;&lt;&lt; gem\u00e4\u00df dem Motto : &#8220; Kultur mu\u00df sein &#8230;&#8220; &lt;&lt;&lt; Info zum Wettkampfort<\/p>\n","protected":false},"author":5,"featured_media":0,"comment_status":"closed","ping_status":"open","sticky":false,"template":"","format":"standard","meta":{"footnotes":""},"categories":[5],"tags":[136,141,320],"class_list":["post-235","post","type-post","status-publish","format-standard","hentry","category-die-anfaenge","tag-triathlon","tag-volkstriathlon","tag-xanten"],"_links":{"self":[{"href":"https:\/\/arnwiesen.net\/wpt\/wp-json\/wp\/v2\/posts\/235","targetHints":{"allow":["GET"]}}],"collection":[{"href":"https:\/\/arnwiesen.net\/wpt\/wp-json\/wp\/v2\/posts"}],"about":[{"href":"https:\/\/arnwiesen.net\/wpt\/wp-json\/wp\/v2\/types\/post"}],"author":[{"embeddable":true,"href":"https:\/\/arnwiesen.net\/wpt\/wp-json\/wp\/v2\/users\/5"}],"replies":[{"embeddable":true,"href":"https:\/\/arnwiesen.net\/wpt\/wp-json\/wp\/v2\/comments?post=235"}],"version-history":[{"count":5,"href":"https:\/\/arnwiesen.net\/wpt\/wp-json\/wp\/v2\/posts\/235\/revisions"}],"predecessor-version":[{"id":3753,"href":"https:\/\/arnwiesen.net\/wpt\/wp-json\/wp\/v2\/posts\/235\/revisions\/3753"}],"wp:attachment":[{"href":"https:\/\/arnwiesen.net\/wpt\/wp-json\/wp\/v2\/media?parent=235"}],"wp:term":[{"taxonomy":"category","embeddable":true,"href":"https:\/\/arnwiesen.net\/wpt\/wp-json\/wp\/v2\/categories?post=235"},{"taxonomy":"post_tag","embeddable":true,"href":"https:\/\/arnwiesen.net\/wpt\/wp-json\/wp\/v2\/tags?post=235"}],"curies":[{"name":"wp","href":"https:\/\/api.w.org\/{rel}","templated":true}]}}