{"id":227,"date":"1998-12-01T12:06:00","date_gmt":"1998-12-01T11:06:00","guid":{"rendered":"https:\/\/arnwiesen.net\/wpt\/?p=227"},"modified":"2022-07-25T11:01:40","modified_gmt":"2022-07-25T09:01:40","slug":"die-nordgruppe-entsteht","status":"publish","type":"post","link":"https:\/\/arnwiesen.net\/wpt\/1998\/die-nordgruppe-entsteht\/","title":{"rendered":"Die Nordgruppe entsteht"},"content":{"rendered":"\n<p>Vor dem Duathlon wurde wie gewohnt dem Lauterbacher und anderen leistungssteigernden Getr\u00e4nken zugesprochen. Au\u00dfer \u00fcber die Erfolge und Termine waren diesmal keine Tagesordnungspunkte zu besprechen.<\/p>\n\n\n<div class=\"wp-block-image\">\n<figure class=\"aligncenter size-full\"><img loading=\"lazy\" decoding=\"async\" width=\"480\" height=\"266\" src=\"https:\/\/arnwiesen.net\/wpt\/wp-content\/uploads\/1998\/1998-Lauterbacher.jpg\" alt=\"\" class=\"wp-image-122\" srcset=\"https:\/\/arnwiesen.net\/wpt\/wp-content\/uploads\/1998\/1998-Lauterbacher.jpg 480w, https:\/\/arnwiesen.net\/wpt\/wp-content\/uploads\/1998\/1998-Lauterbacher-300x166.jpg 300w\" sizes=\"auto, (max-width: 480px) 85vw, 480px\" \/><\/figure>\n<\/div>\n\n\n<!--more-->\n\n\n\n<p>Inzwischen hatte Rosi in Westerkappeln von ihren Triathlon Erfolgen berichtet, so dass in Dissen ausser Cossi nur Neu-TCKJ&#8217;ler aus dem Norden an den Start gingen. So war die Nordgruppe geboren. Sie wuchs schnell, auch durch die Reklame von Rosi&#8217;s Ehemann Uli. Einige Arbeitskollegen und deren Freunde waren schnell begeistert. In Engter bei der RTF \u201eWadenkneifer&#8220; wurde ein Pokal f\u00fcr die gr\u00f6\u00dfte Mannschaft gewonnen und beim Triathlon in Bocholt waren 10 TCKJ&#8217;ler am Start.<\/p>\n\n\n<div class=\"wp-block-image\">\n<figure class=\"aligncenter size-full\"><img loading=\"lazy\" decoding=\"async\" width=\"480\" height=\"360\" src=\"https:\/\/arnwiesen.net\/wpt\/wp-content\/uploads\/1998\/1998_lengerich_bild0001_di-sp-02-kl.jpg\" alt=\"\" class=\"wp-image-4245\" srcset=\"https:\/\/arnwiesen.net\/wpt\/wp-content\/uploads\/1998\/1998_lengerich_bild0001_di-sp-02-kl.jpg 480w, https:\/\/arnwiesen.net\/wpt\/wp-content\/uploads\/1998\/1998_lengerich_bild0001_di-sp-02-kl-300x225.jpg 300w\" sizes=\"auto, (max-width: 480px) 85vw, 480px\" \/><figcaption>Cossi und Marleen beim 2-Seen-Lauf in Lengerich<\/figcaption><\/figure>\n<\/div>\n\n\n<p><\/p>\n\n\n\n<p><\/p>\n\n\n\n<p>So war klar, dass in den n\u00e4chsten Jahren immer mehr Events in der N\u00e4he von Osnabr\u00fcck stattfanden.<\/p>\n\n\n\n<p><strong>Bilder vom 20. Engteraner Wadenkneifer<\/strong><\/p>\n\n\n<div class=\"wp-block-image\">\n<figure class=\"aligncenter size-full\"><img loading=\"lazy\" decoding=\"async\" width=\"480\" height=\"318\" src=\"https:\/\/arnwiesen.net\/wpt\/wp-content\/uploads\/1998\/tckj1.jpg\" alt=\"\" class=\"wp-image-125\" srcset=\"https:\/\/arnwiesen.net\/wpt\/wp-content\/uploads\/1998\/tckj1.jpg 480w, https:\/\/arnwiesen.net\/wpt\/wp-content\/uploads\/1998\/tckj1-300x199.jpg 300w\" sizes=\"auto, (max-width: 480px) 85vw, 480px\" \/><figcaption>Rosi, Christoph, Julius, Manfred, Cossi, Engelbert, Ulrich<\/figcaption><\/figure>\n<\/div>\n\n<div class=\"wp-block-image\">\n<figure class=\"aligncenter size-full\"><img loading=\"lazy\" decoding=\"async\" width=\"178\" height=\"264\" src=\"https:\/\/arnwiesen.net\/wpt\/wp-content\/uploads\/1998\/tckj2.jpg\" alt=\"\" class=\"wp-image-126\"\/><figcaption>Manfred<\/figcaption><\/figure>\n<\/div>","protected":false},"excerpt":{"rendered":"<p>Vor dem Duathlon wurde wie gewohnt dem Lauterbacher und anderen leistungssteigernden Getr\u00e4nken zugesprochen. Au\u00dfer \u00fcber die Erfolge und Termine waren diesmal keine Tagesordnungspunkte zu besprechen.<\/p>\n","protected":false},"author":5,"featured_media":0,"comment_status":"closed","ping_status":"open","sticky":false,"template":"","format":"standard","meta":{"footnotes":""},"categories":[5],"tags":[268],"class_list":["post-227","post","type-post","status-publish","format-standard","hentry","category-die-anfaenge","tag-jahresrueckblick"],"_links":{"self":[{"href":"https:\/\/arnwiesen.net\/wpt\/wp-json\/wp\/v2\/posts\/227","targetHints":{"allow":["GET"]}}],"collection":[{"href":"https:\/\/arnwiesen.net\/wpt\/wp-json\/wp\/v2\/posts"}],"about":[{"href":"https:\/\/arnwiesen.net\/wpt\/wp-json\/wp\/v2\/types\/post"}],"author":[{"embeddable":true,"href":"https:\/\/arnwiesen.net\/wpt\/wp-json\/wp\/v2\/users\/5"}],"replies":[{"embeddable":true,"href":"https:\/\/arnwiesen.net\/wpt\/wp-json\/wp\/v2\/comments?post=227"}],"version-history":[{"count":5,"href":"https:\/\/arnwiesen.net\/wpt\/wp-json\/wp\/v2\/posts\/227\/revisions"}],"predecessor-version":[{"id":4246,"href":"https:\/\/arnwiesen.net\/wpt\/wp-json\/wp\/v2\/posts\/227\/revisions\/4246"}],"wp:attachment":[{"href":"https:\/\/arnwiesen.net\/wpt\/wp-json\/wp\/v2\/media?parent=227"}],"wp:term":[{"taxonomy":"category","embeddable":true,"href":"https:\/\/arnwiesen.net\/wpt\/wp-json\/wp\/v2\/categories?post=227"},{"taxonomy":"post_tag","embeddable":true,"href":"https:\/\/arnwiesen.net\/wpt\/wp-json\/wp\/v2\/tags?post=227"}],"curies":[{"name":"wp","href":"https:\/\/api.w.org\/{rel}","templated":true}]}}