{"id":219,"date":"1996-12-01T11:51:00","date_gmt":"1996-12-01T10:51:00","guid":{"rendered":"https:\/\/arnwiesen.net\/wpt\/?p=219"},"modified":"2022-07-22T22:39:36","modified_gmt":"2022-07-22T20:39:36","slug":"das-damenteam-entsteht","status":"publish","type":"post","link":"https:\/\/arnwiesen.net\/wpt\/1996\/das-damenteam-entsteht\/","title":{"rendered":"Das Damenteam entsteht &#8211; 1996"},"content":{"rendered":"\n<p>In dem schon bekannten Pub in Jena fand die JHV statt.Andrea, Atze, Cossi, Christine und Henry besprachen die Erfolge der letzten Saison, planten die Termine der kommenden Saison und:<\/p>\n\n\n\n<figure class=\"wp-block-table\"><table><tbody><tr><td>1. Vereinseintragung<\/td><td>Nach weiteren Informationen zur offiziellen Vereinsgr\u00fcndung von Andrea beschlossen die Anwesenden einstimmig es beim Hobbyverein zu belassen.<\/td><\/tr><tr><td>2. Effektivit\u00e4tskoefizient<\/td><td>J\u00f6rg hat ein Excelprogramm fertiggestellt. Cossi hat die Diskette erhalten und wird den&nbsp;Koeffizienten f\u00fcr alle Veranstaltungen ermitteln.<\/td><\/tr><\/tbody><\/table><figcaption>Beschlussfassung<\/figcaption><\/figure>\n\n\n\n<!--more-->\n\n\n\n<p>Am folgenden Tag beim Jena Duathlon kam es zu 4 Altersklassensiegen:&nbsp;&nbsp;&nbsp;&nbsp;&nbsp;&nbsp;&nbsp;&nbsp;&nbsp;&nbsp;&nbsp;&nbsp;&nbsp;&nbsp;&nbsp;&nbsp;&nbsp;&nbsp;&nbsp;&nbsp;&nbsp;&nbsp;&nbsp;&nbsp;&nbsp;&nbsp;&nbsp;&nbsp;<\/p>\n\n\n\n<ul class=\"wp-block-list\"><li>Daniel in der Jugend A<\/li><li>Christine in der W 35<\/li><li>Atze in der M 35<\/li><li>Cossi in der M 40<\/li><\/ul>\n\n\n\n<p>Henry komplettierte den Riesenerfolg mit einem Treppchenplatz in der M 35.<\/p>\n\n\n<div class=\"wp-block-image\">\n<figure class=\"aligncenter size-full\"><img loading=\"lazy\" decoding=\"async\" width=\"272\" height=\"238\" src=\"https:\/\/arnwiesen.net\/wpt\/wp-content\/uploads\/1996\/1996_Dortmund_Team-mit-Trainer.jpg\" alt=\"\" class=\"wp-image-86\"\/><\/figure>\n<\/div>\n\n\n<p>Im Juni wurde der beliebte Staffeltriathlon in Dortmund kurzfristig zum Staffelduathlon umfunktioniert, da das Schwimmbad im \u201eFroschloch&#8220; saniert werden musste.<\/p>\n\n\n\n<p>Atze, Cossi, Henry und Rolf hatten am Samstag bei der RTF in Dortmund Scharnhorst die 75 km &#8211; Strecke bew\u00e4ltigt. Hierbei zeigte Rolf ein grosses Talent im Windschatten fahren.<\/p>\n\n\n\n<p>Anschlie\u00dfend kamen Eva, Frank, Sascha, Sandra, Birgit, Birgit und Rosi noch dazu, und so entstand ein grosses Zeltlager auf dem Sportplatz.<\/p>\n\n\n<div class=\"wp-block-image\">\n<figure class=\"aligncenter size-full\"><img loading=\"lazy\" decoding=\"async\" width=\"480\" height=\"192\" src=\"https:\/\/arnwiesen.net\/wpt\/wp-content\/uploads\/1996\/1996_Dortmund_Zeltlager.jpg\" alt=\"\" class=\"wp-image-87\" srcset=\"https:\/\/arnwiesen.net\/wpt\/wp-content\/uploads\/1996\/1996_Dortmund_Zeltlager.jpg 480w, https:\/\/arnwiesen.net\/wpt\/wp-content\/uploads\/1996\/1996_Dortmund_Zeltlager-300x120.jpg 300w\" sizes=\"auto, (max-width: 480px) 85vw, 480px\" \/><\/figure>\n<\/div>\n\n<div class=\"wp-block-image\">\n<figure class=\"aligncenter size-full\"><img loading=\"lazy\" decoding=\"async\" width=\"480\" height=\"284\" src=\"https:\/\/arnwiesen.net\/wpt\/wp-content\/uploads\/1996\/1996_Dortmund_Fruehstueck.jpg\" alt=\"\" class=\"wp-image-81\" srcset=\"https:\/\/arnwiesen.net\/wpt\/wp-content\/uploads\/1996\/1996_Dortmund_Fruehstueck.jpg 480w, https:\/\/arnwiesen.net\/wpt\/wp-content\/uploads\/1996\/1996_Dortmund_Fruehstueck-300x178.jpg 300w\" sizes=\"auto, (max-width: 480px) 85vw, 480px\" \/><\/figure>\n<\/div>\n\n\n<div class=\"wp-block-group is-content-justification-center is-nowrap is-layout-flex wp-container-core-group-is-layout-94bc23d7 wp-block-group-is-layout-flex\"><div class=\"wp-block-image\">\n<figure class=\"aligncenter size-full\"><img loading=\"lazy\" decoding=\"async\" width=\"308\" height=\"446\" src=\"https:\/\/arnwiesen.net\/wpt\/wp-content\/uploads\/1996\/1996_Dortmund_Cossi-hilft-Rosi.jpg\" alt=\"\" class=\"wp-image-79\" srcset=\"https:\/\/arnwiesen.net\/wpt\/wp-content\/uploads\/1996\/1996_Dortmund_Cossi-hilft-Rosi.jpg 308w, https:\/\/arnwiesen.net\/wpt\/wp-content\/uploads\/1996\/1996_Dortmund_Cossi-hilft-Rosi-207x300.jpg 207w\" sizes=\"auto, (max-width: 308px) 85vw, 308px\" \/><\/figure>\n<\/div>\n\n<div class=\"wp-block-image\">\n<figure class=\"aligncenter size-full\"><img loading=\"lazy\" decoding=\"async\" width=\"212\" height=\"448\" src=\"https:\/\/arnwiesen.net\/wpt\/wp-content\/uploads\/1996\/1996_Dortmund_Eva-dehnt-sich.jpg\" alt=\"\" class=\"wp-image-80\" srcset=\"https:\/\/arnwiesen.net\/wpt\/wp-content\/uploads\/1996\/1996_Dortmund_Eva-dehnt-sich.jpg 212w, https:\/\/arnwiesen.net\/wpt\/wp-content\/uploads\/1996\/1996_Dortmund_Eva-dehnt-sich-142x300.jpg 142w\" sizes=\"auto, (max-width: 212px) 85vw, 212px\" \/><\/figure>\n<\/div><\/div>\n\n\n\n<p>Rosi hatte ein Wochende vorher in 27 Stunden ein komplettes Triathlon-Training absolviert incl. RTF, 2 Schwimm- und einer Laufeinheit. So war sie auf die Schwimmstrecke, die jetzt ausfiel vorbereitet. Jetzt startete Eva \u00fcber 6 km laufen, Christine 22 km radfahren und Rosi 2 km laufen. Sie belegten den 3. Platz. So feierte die Damenmannschaft bei ihrem ersten Start den bis dahin gr\u00f6\u00dften Erfolg der Vereinsgeschichte und machten den Namen TC K\u00f6ln-Jena durch den Mitsponsor Ruhr-Nachrichten im ganzen \u00f6stlichen Ruhrgebiet bekannt.<\/p>\n\n\n<div class=\"wp-block-image\">\n<figure class=\"aligncenter size-full\"><img loading=\"lazy\" decoding=\"async\" width=\"480\" height=\"320\" src=\"https:\/\/arnwiesen.net\/wpt\/wp-content\/uploads\/1996\/1996_Dortmund_Siegerehrung.jpg\" alt=\"\" class=\"wp-image-84\" srcset=\"https:\/\/arnwiesen.net\/wpt\/wp-content\/uploads\/1996\/1996_Dortmund_Siegerehrung.jpg 480w, https:\/\/arnwiesen.net\/wpt\/wp-content\/uploads\/1996\/1996_Dortmund_Siegerehrung-300x200.jpg 300w\" sizes=\"auto, (max-width: 480px) 85vw, 480px\" \/><\/figure>\n<\/div>\n\n\n<p>Auch die Herrenstaffel: Henry-Atze-Cossi und die erstmals f\u00fcr den TCKJ startenden Einzelk\u00e4mpfer Susu und Joachim finishten erfolgreich.<\/p>\n\n\n\n<p>In Bocholt finishten J\u00f6rg, Atze und Cossi \u00fcber die original olympische Distanz 1,5 km schwimmen- 40 km radfahren &#8211; 10 km laufen. Joachim war im Volkstriathlon erfolgreich.<\/p>\n\n\n\n<div class=\"wp-block-group is-content-justification-center is-nowrap is-layout-flex wp-container-core-group-is-layout-94bc23d7 wp-block-group-is-layout-flex\"><div class=\"wp-block-image\">\n<figure class=\"aligncenter size-full\"><img loading=\"lazy\" decoding=\"async\" width=\"323\" height=\"346\" src=\"https:\/\/arnwiesen.net\/wpt\/wp-content\/uploads\/1996\/1996_Dortmund_Susu.jpg\" alt=\"\" class=\"wp-image-85\" srcset=\"https:\/\/arnwiesen.net\/wpt\/wp-content\/uploads\/1996\/1996_Dortmund_Susu.jpg 323w, https:\/\/arnwiesen.net\/wpt\/wp-content\/uploads\/1996\/1996_Dortmund_Susu-280x300.jpg 280w\" sizes=\"auto, (max-width: 323px) 85vw, 323px\" \/><\/figure>\n<\/div>\n\n<div class=\"wp-block-image\">\n<figure class=\"aligncenter size-full\"><img loading=\"lazy\" decoding=\"async\" width=\"257\" height=\"349\" src=\"https:\/\/arnwiesen.net\/wpt\/wp-content\/uploads\/1996\/1996_Dortmund_Joachim.jpg\" alt=\"\" class=\"wp-image-83\" srcset=\"https:\/\/arnwiesen.net\/wpt\/wp-content\/uploads\/1996\/1996_Dortmund_Joachim.jpg 257w, https:\/\/arnwiesen.net\/wpt\/wp-content\/uploads\/1996\/1996_Dortmund_Joachim-221x300.jpg 221w\" sizes=\"auto, (max-width: 257px) 85vw, 257px\" \/><\/figure>\n<\/div><\/div>\n\n\n\n<p><br>J\u00f6rg machte bei der \u00e4u\u00dferst noblen Nudelpartie in einem 3 Sterne Restaurant auf den Effektivit\u00e4tskoeffizienten aufmerksam, so dass die Birgits w\u00e4hrend der langen Radstrecke Kultur-Punkte im nahe gelegenen Museum sammelten.<\/p>\n\n\n<div class=\"wp-block-image\">\n<figure class=\"aligncenter size-full\"><img loading=\"lazy\" decoding=\"async\" width=\"418\" height=\"388\" src=\"https:\/\/arnwiesen.net\/wpt\/wp-content\/uploads\/1996\/1996_Dortmund_Henry-und-Uli-wechseln.jpg\" alt=\"\" class=\"wp-image-82\" srcset=\"https:\/\/arnwiesen.net\/wpt\/wp-content\/uploads\/1996\/1996_Dortmund_Henry-und-Uli-wechseln.jpg 418w, https:\/\/arnwiesen.net\/wpt\/wp-content\/uploads\/1996\/1996_Dortmund_Henry-und-Uli-wechseln-300x278.jpg 300w\" sizes=\"auto, (max-width: 418px) 85vw, 418px\" \/><\/figure>\n<\/div>","protected":false},"excerpt":{"rendered":"<p>In dem schon bekannten Pub in Jena fand die JHV statt.Andrea, Atze, Cossi, Christine und Henry besprachen die Erfolge der letzten Saison, planten die Termine der kommenden Saison und: 1. Vereinseintragung Nach weiteren Informationen zur offiziellen Vereinsgr\u00fcndung von Andrea beschlossen die Anwesenden einstimmig es beim Hobbyverein zu belassen. 2. Effektivit\u00e4tskoefizient J\u00f6rg hat ein Excelprogramm fertiggestellt. &hellip; <a href=\"https:\/\/arnwiesen.net\/wpt\/1996\/das-damenteam-entsteht\/\" class=\"more-link\"><span class=\"screen-reader-text\">\u201eDas Damenteam entsteht &#8211; 1996\u201c<\/span> weiterlesen<\/a><\/p>\n","protected":false},"author":5,"featured_media":0,"comment_status":"closed","ping_status":"open","sticky":false,"template":"","format":"standard","meta":{"footnotes":""},"categories":[5],"tags":[268],"class_list":["post-219","post","type-post","status-publish","format-standard","hentry","category-die-anfaenge","tag-jahresrueckblick"],"_links":{"self":[{"href":"https:\/\/arnwiesen.net\/wpt\/wp-json\/wp\/v2\/posts\/219","targetHints":{"allow":["GET"]}}],"collection":[{"href":"https:\/\/arnwiesen.net\/wpt\/wp-json\/wp\/v2\/posts"}],"about":[{"href":"https:\/\/arnwiesen.net\/wpt\/wp-json\/wp\/v2\/types\/post"}],"author":[{"embeddable":true,"href":"https:\/\/arnwiesen.net\/wpt\/wp-json\/wp\/v2\/users\/5"}],"replies":[{"embeddable":true,"href":"https:\/\/arnwiesen.net\/wpt\/wp-json\/wp\/v2\/comments?post=219"}],"version-history":[{"count":5,"href":"https:\/\/arnwiesen.net\/wpt\/wp-json\/wp\/v2\/posts\/219\/revisions"}],"predecessor-version":[{"id":3750,"href":"https:\/\/arnwiesen.net\/wpt\/wp-json\/wp\/v2\/posts\/219\/revisions\/3750"}],"wp:attachment":[{"href":"https:\/\/arnwiesen.net\/wpt\/wp-json\/wp\/v2\/media?parent=219"}],"wp:term":[{"taxonomy":"category","embeddable":true,"href":"https:\/\/arnwiesen.net\/wpt\/wp-json\/wp\/v2\/categories?post=219"},{"taxonomy":"post_tag","embeddable":true,"href":"https:\/\/arnwiesen.net\/wpt\/wp-json\/wp\/v2\/tags?post=219"}],"curies":[{"name":"wp","href":"https:\/\/api.w.org\/{rel}","templated":true}]}}